{"id":673,"date":"2014-05-11T21:01:54","date_gmt":"2014-05-11T19:01:54","guid":{"rendered":"http:\/\/www.buergerforum-steinerneshaus.de\/wordpress\/?p=673"},"modified":"2014-05-11T21:08:12","modified_gmt":"2014-05-11T19:08:12","slug":"weckglas-illumination-zur-kulturnacht-wir-brauchen-ihre-hilfe","status":"publish","type":"post","link":"https:\/\/www.buergerforum-steinerneshaus.de\/wordpress\/?p=673","title":{"rendered":"Einmachglas-Illumination &#8211; Wir brauchen Ihre Hilfe"},"content":{"rendered":"<p>Oftmals sind die einfachsten Dinge die besten und manchmal l\u00e4sst sich mit kleinen Mitteln gro\u00dfe Wirkung erzielen. In genau diese Kategorie passt eine Aktion, die sich das B\u00fcrgerforum Steinernes Haus \u2013 F\u00f6rderverein Altstadt B\u00fcdingen e.V. f\u00fcr die Kulturnacht vom 19. auf den 20. Juli vorgenommen hat. Der Meliorsdamm wird bei einbrechender Dunkelheit stimmungsvoll beleuchtet \u2013 und zwar mit Einmachgl\u00e4sern, die zu Windlichtern umfunktioniert werden.<\/p>\n<p><a href=\"http:\/\/www.buergerforum-steinerneshaus.de\/wordpress\/wp-content\/uploads\/2014\/05\/1-Einmachglas-Illumination-B\u00fcrgerforum-Kulturnacht.jpg\"target=_blank\"><img loading=\"lazy\" decoding=\"async\" src=\"http:\/\/www.buergerforum-steinerneshaus.de\/wordpress\/wp-content\/uploads\/2014\/05\/1-Einmachglas-Illumination-B\u00fcrgerforum-Kulturnacht.jpg\" alt=\"1-Einmachglas-Illumination-B\u00fcrgerforum-Kulturnacht\" width=\"700\" height=\"525\" class=\"aligncenter size-full wp-image-680\" srcset=\"https:\/\/www.buergerforum-steinerneshaus.de\/wordpress\/wp-content\/uploads\/2014\/05\/1-Einmachglas-Illumination-B\u00fcrgerforum-Kulturnacht.jpg 700w, https:\/\/www.buergerforum-steinerneshaus.de\/wordpress\/wp-content\/uploads\/2014\/05\/1-Einmachglas-Illumination-B\u00fcrgerforum-Kulturnacht-300x225.jpg 300w, https:\/\/www.buergerforum-steinerneshaus.de\/wordpress\/wp-content\/uploads\/2014\/05\/1-Einmachglas-Illumination-B\u00fcrgerforum-Kulturnacht-624x468.jpg 624w\" sizes=\"(max-width: 700px) 100vw, 700px\" \/>stimmungsvolle Beleuchtung<\/a><\/p>\n<p>Der Verein hat f\u00fcr diesen Juli-Samstag verschiedene Aktionen geplant: Unter anderem wird die neue Schlossm\u00fchlenbr\u00fccke der \u00d6ffentlichkeit \u00fcbergeben. Um den Kulturnachtsbesuchern den Weg von der neuen Br\u00fccke in die Altstadt zu weisen, will das B\u00fcrgerforum links und rechts des Weges Ein-Liter-Einmachgl\u00e4ser mit Teelichtern aufstellen. B\u00fcrgerforumschef Hubertus Protz hat ausgerechnet, dass daf\u00fcr etwa 200 Einmachgl\u00e4ser gebraucht werden. Er sagt: \u201eWir k\u00f6nnen unsere Idee nur verwirklichen, wenn wir gen\u00fcgend Gl\u00e4ser zusammenbekommen. Wir bitten die B\u00fcdinger deshalb, leere und gesp\u00fclte Ein-Liter-Einmachgl\u00e4ser f\u00fcr unsere Meliorsdamm-Beleuchtung zu spenden. Die Gl\u00e4ser k\u00f6nnen in den n\u00e4chsten Wochen bei Sabine Uhdris in der Galerie Lo Studio abgegeben werden.\u201c Das Lo Studio in der Schlossgasse 22 hat mittwochs bis sonntags von 14 bis 19 Uhr ge\u00f6ffnet. W\u00e4hrend dieser \u00d6ffnungszeiten nimmt Sabine Uhdris die Gl\u00e4serspenden gern entgegen. <\/p>\n<p><a href=\"http:\/\/www.buergerforum-steinerneshaus.de\/wordpress\/wp-content\/uploads\/2014\/05\/1-B\u00fcrgerforum-Meliorsdamm.jpg\"target=_blank\"><img loading=\"lazy\" decoding=\"async\" src=\"http:\/\/www.buergerforum-steinerneshaus.de\/wordpress\/wp-content\/uploads\/2014\/05\/1-B\u00fcrgerforum-Meliorsdamm.jpg\" alt=\"1-B\u00fcrgerforum-Meliorsdamm\" width=\"700\" height=\"467\" class=\"aligncenter size-full wp-image-679\" srcset=\"https:\/\/www.buergerforum-steinerneshaus.de\/wordpress\/wp-content\/uploads\/2014\/05\/1-B\u00fcrgerforum-Meliorsdamm.jpg 700w, https:\/\/www.buergerforum-steinerneshaus.de\/wordpress\/wp-content\/uploads\/2014\/05\/1-B\u00fcrgerforum-Meliorsdamm-300x200.jpg 300w, https:\/\/www.buergerforum-steinerneshaus.de\/wordpress\/wp-content\/uploads\/2014\/05\/1-B\u00fcrgerforum-Meliorsdamm-624x416.jpg 624w\" sizes=\"(max-width: 700px) 100vw, 700px\" \/>Meliorsdamm am Abend<\/a><\/p>\n<p>Die Idee einer Einweckglas-Teelicht-Illumination ist \u00fcbrigens nicht neu: Die Organisatoren des Assenheimer Festes Kunst am Fluss hatten am 1. September 2012 den Fu\u00dfweg entlang der Nidda auf diese Weise zauberhaft beleuchtet. Die Besucher waren damals begeistert.<\/p>\n","protected":false},"excerpt":{"rendered":"<p>Oftmals sind die einfachsten Dinge die besten und manchmal l\u00e4sst sich mit kleinen Mitteln gro\u00dfe Wirkung erzielen. In genau diese Kategorie passt eine Aktion, die sich das B\u00fcrgerforum Steinernes Haus \u2013 F\u00f6rderverein Altstadt B\u00fcdingen e.V. f\u00fcr die Kulturnacht vom 19. auf den 20. Juli vorgenommen hat. Der Meliorsdamm wird bei einbrechender Dunkelheit stimmungsvoll beleuchtet \u2013 [&hellip;]<\/p>\n","protected":false},"author":1,"featured_media":0,"comment_status":"closed","ping_status":"closed","sticky":false,"template":"","format":"standard","meta":{"footnotes":""},"categories":[1],"tags":[],"class_list":["post-673","post","type-post","status-publish","format-standard","hentry","category-allgemein"],"_links":{"self":[{"href":"https:\/\/www.buergerforum-steinerneshaus.de\/wordpress\/index.php?rest_route=\/wp\/v2\/posts\/673"}],"collection":[{"href":"https:\/\/www.buergerforum-steinerneshaus.de\/wordpress\/index.php?rest_route=\/wp\/v2\/posts"}],"about":[{"href":"https:\/\/www.buergerforum-steinerneshaus.de\/wordpress\/index.php?rest_route=\/wp\/v2\/types\/post"}],"author":[{"embeddable":true,"href":"https:\/\/www.buergerforum-steinerneshaus.de\/wordpress\/index.php?rest_route=\/wp\/v2\/users\/1"}],"replies":[{"embeddable":true,"href":"https:\/\/www.buergerforum-steinerneshaus.de\/wordpress\/index.php?rest_route=%2Fwp%2Fv2%2Fcomments&post=673"}],"version-history":[{"count":9,"href":"https:\/\/www.buergerforum-steinerneshaus.de\/wordpress\/index.php?rest_route=\/wp\/v2\/posts\/673\/revisions"}],"predecessor-version":[{"id":685,"href":"https:\/\/www.buergerforum-steinerneshaus.de\/wordpress\/index.php?rest_route=\/wp\/v2\/posts\/673\/revisions\/685"}],"wp:attachment":[{"href":"https:\/\/www.buergerforum-steinerneshaus.de\/wordpress\/index.php?rest_route=%2Fwp%2Fv2%2Fmedia&parent=673"}],"wp:term":[{"taxonomy":"category","embeddable":true,"href":"https:\/\/www.buergerforum-steinerneshaus.de\/wordpress\/index.php?rest_route=%2Fwp%2Fv2%2Fcategories&post=673"},{"taxonomy":"post_tag","embeddable":true,"href":"https:\/\/www.buergerforum-steinerneshaus.de\/wordpress\/index.php?rest_route=%2Fwp%2Fv2%2Ftags&post=673"}],"curies":[{"name":"wp","href":"https:\/\/api.w.org\/{rel}","templated":true}]}}