{"id":624,"date":"2014-04-01T07:03:07","date_gmt":"2014-04-01T05:03:07","guid":{"rendered":"http:\/\/www.buergerforum-steinerneshaus.de\/wordpress\/?p=624"},"modified":"2014-04-02T07:42:22","modified_gmt":"2014-04-02T05:42:22","slug":"buedinger-schloss-wird-abgerissen","status":"publish","type":"post","link":"https:\/\/www.buergerforum-steinerneshaus.de\/wordpress\/?p=624","title":{"rendered":"B\u00fcdinger Schloss wird abgerissen"},"content":{"rendered":"<p><strong>Nachtrag vom 2. des Monats: APRIL, APRIL!<\/strong><\/p>\n<p>B\u00fcdingen, 1. April 2014. (hjb) Kurz nachdem die letzten der uralten Eichen im ehemaligen B\u00fcdinger Schlosspark der Motors\u00e4ge zum Opfer gefallen sind, geht es jetzt auch dem Schloss selbst an den Kragen: Eine Untersuchung der Fundamente des Gem\u00e4uers ergab, dass durch den Anstieg des Grundwasserspiegels ein irreparabler Schaden entstanden ist und Einsturzgefahr besteht, so dass Spazierg\u00e4nger gef\u00e4hrdet w\u00e4ren. Deshalb hat die Stadt zun\u00e4chst den Zugang gesperrt und eine sofortige Abrissverf\u00fcgung erlassen. Ab 1. April sollen die Bagger rollen. Auf der Marstallseite haben die Arbeiten bereits begonnen, von einem Ger\u00fcst aus werden wiederverwendbare Teile abgebaut und auf Lastwagen verladen. Nennenswertes Inventar ist nicht mehr vorhanden.<br \/>\nUrsache f\u00fcr den Anstieg des Grundwasserpegels ist bekannterma\u00dfen die seit Jahrzehnten vernachl\u00e4ssigte Wasserregulierung am Hain, die aus dem Seemenbach zu viel Wasser in Richtung der ehemaligen Schlosspark-Wiese ableitet. Auch die Entw\u00e4sserungsgr\u00e4ben dort k\u00f6nnen schon lange wegen mangelnder Pflege die gew\u00fcnschte Wassermenge nicht mehr ableiten. Auf die R\u00fcckfrage des Kreis-Anzeigers nach einer m\u00f6glichen Instandsetzung dieser Anlage war keine kompetente Antwort zu bekommen.<\/p>\n<p><a href=\"http:\/\/www.buergerforum-steinerneshaus.de\/wordpress\/wp-content\/uploads\/2014\/03\/IMG_2452.jpg\"target=_blank\"><img loading=\"lazy\" decoding=\"async\" src=\"http:\/\/www.buergerforum-steinerneshaus.de\/wordpress\/wp-content\/uploads\/2014\/03\/IMG_2452-300x225.jpg\" alt=\"IMG_2452\" width=\"300\" height=\"225\" class=\"aligncenter size-medium wp-image-625\" srcset=\"https:\/\/www.buergerforum-steinerneshaus.de\/wordpress\/wp-content\/uploads\/2014\/03\/IMG_2452-300x225.jpg 300w, https:\/\/www.buergerforum-steinerneshaus.de\/wordpress\/wp-content\/uploads\/2014\/03\/IMG_2452-1024x768.jpg 1024w, https:\/\/www.buergerforum-steinerneshaus.de\/wordpress\/wp-content\/uploads\/2014\/03\/IMG_2452-624x468.jpg 624w\" sizes=\"(max-width: 300px) 100vw, 300px\" \/><\/a><\/p>\n<p>Auf der durch den Abriss entstehenden Freifl\u00e4che sollen bis zu 200 PKW-Stellpl\u00e4tze entstehen, die f\u00fcr die Gesch\u00e4fte der Altstadt, aber auch die diversen Veranstaltungen eine deutliche Entlastung der bislang stets angespannten Parksituation bringen werden. Auch als Festplatz w\u00e4re die zentral gelege Fl\u00e4che bestens geeignet, die j\u00e4hrlich stattfindende \u201eLandpartie\u201c soll hier ihre neue Heimat finden. Nicht zuletzt erhofft sich das F\u00fcrstenhaus durch die Vermietung der Parkpl\u00e4tze eine Sanierung seiner Finanzlage. Die Parkplatzfl\u00e4che soll passenderweise auf den erinnerungstr\u00e4chtigen Namen \u201eSchloss-Park\u201c getauft werden. So ist gew\u00e4hrleistet, dass der ehemalige Park zumindest in der Erinnerung der B\u00fcrger fortleben kann, auch wenn die Mittel zur Wiederherstellung und \u2013bepflanzung fehlen. F\u00fcr das Areal zwischen dem neuen Parkplatz und dem \u201eHammer\u201c sind nach dem ungeahnten Erfolg des Gewerbegebietes \u201eReichhardsweide\u201c weitere Gewerbefl\u00e4chen vorgesehen. Der B\u00fcdinger Magistrat begr\u00fc\u00dft die Entwicklung mehrheitlich wegen des nach wie vor ungestillten Hungers von Industrie- und Logistikunternehmen nach Gewerbegebieten und f\u00fchrt als zus\u00e4tzlichen Pluspunkt den Zeitgewinn bei der nach wie vor problematischen Konversion und Vermarktung der Kasernenfl\u00e4chen an.<br \/>\nDoch es gibt auch kritische Stimmen: Joachim Cott, Stadtverordneter und Vorsitzender des B\u00fcdinger Geschichtsvereins, h\u00e4lt es f\u00fcr einen uns\u00e4glichen Skandal, dass hier ein fast tausendj\u00e4hriges Monument von nationaler Bedeutung der Abrissbirne zum Opfer fallen soll. \u201eAls Mitglieder der Partei \u201eDie Gr\u00fcnen\u201c waren mir allerdings die hundertj\u00e4hrigen Eichen des Parks fast noch mehr ans Herz gewachsen, warum soll es also dem Schloss besser gehen als den B\u00e4umen?\u201c gibt er zu bedenken. Die untere Denkmalschutzbeh\u00f6rde sieht keinen Handlungsbedarf: Das Schloss sei nach Abbruch der Kontakte zum F\u00fcrstenhaus bereits vor Jahren aus dem Denkmalkatalog herausgenommen worden, historisch wertvolles Inventar ohnehin an Dritte verkauft.<br \/>\nDer Abriss scheint also beschlossene Sache zu sein. Nostalgisch veranlagten B\u00fcrgern sei zum Troste gesagt, dass dadurch bereits in diesem Sommer der \u201eAlt-B\u00fcdinger Rundweg\u201c wieder in voller L\u00e4nge begehbar sein wird. F\u00fcr die Attraktivit\u00e4t der B\u00fcdinger Altstadt d\u00fcrfte dies ein echter Gewinn sein.<\/p>\n","protected":false},"excerpt":{"rendered":"<p>Nachtrag vom 2. des Monats: APRIL, APRIL! B\u00fcdingen, 1. April 2014. (hjb) Kurz nachdem die letzten der uralten Eichen im ehemaligen B\u00fcdinger Schlosspark der Motors\u00e4ge zum Opfer gefallen sind, geht es jetzt auch dem Schloss selbst an den Kragen: Eine Untersuchung der Fundamente des Gem\u00e4uers ergab, dass durch den Anstieg des Grundwasserspiegels ein irreparabler Schaden [&hellip;]<\/p>\n","protected":false},"author":1,"featured_media":0,"comment_status":"closed","ping_status":"closed","sticky":false,"template":"","format":"standard","meta":{"footnotes":""},"categories":[1],"tags":[],"class_list":["post-624","post","type-post","status-publish","format-standard","hentry","category-allgemein"],"_links":{"self":[{"href":"https:\/\/www.buergerforum-steinerneshaus.de\/wordpress\/index.php?rest_route=\/wp\/v2\/posts\/624"}],"collection":[{"href":"https:\/\/www.buergerforum-steinerneshaus.de\/wordpress\/index.php?rest_route=\/wp\/v2\/posts"}],"about":[{"href":"https:\/\/www.buergerforum-steinerneshaus.de\/wordpress\/index.php?rest_route=\/wp\/v2\/types\/post"}],"author":[{"embeddable":true,"href":"https:\/\/www.buergerforum-steinerneshaus.de\/wordpress\/index.php?rest_route=\/wp\/v2\/users\/1"}],"replies":[{"embeddable":true,"href":"https:\/\/www.buergerforum-steinerneshaus.de\/wordpress\/index.php?rest_route=%2Fwp%2Fv2%2Fcomments&post=624"}],"version-history":[{"count":5,"href":"https:\/\/www.buergerforum-steinerneshaus.de\/wordpress\/index.php?rest_route=\/wp\/v2\/posts\/624\/revisions"}],"predecessor-version":[{"id":630,"href":"https:\/\/www.buergerforum-steinerneshaus.de\/wordpress\/index.php?rest_route=\/wp\/v2\/posts\/624\/revisions\/630"}],"wp:attachment":[{"href":"https:\/\/www.buergerforum-steinerneshaus.de\/wordpress\/index.php?rest_route=%2Fwp%2Fv2%2Fmedia&parent=624"}],"wp:term":[{"taxonomy":"category","embeddable":true,"href":"https:\/\/www.buergerforum-steinerneshaus.de\/wordpress\/index.php?rest_route=%2Fwp%2Fv2%2Fcategories&post=624"},{"taxonomy":"post_tag","embeddable":true,"href":"https:\/\/www.buergerforum-steinerneshaus.de\/wordpress\/index.php?rest_route=%2Fwp%2Fv2%2Ftags&post=624"}],"curies":[{"name":"wp","href":"https:\/\/api.w.org\/{rel}","templated":true}]}}