{"id":606,"date":"2014-03-26T17:42:32","date_gmt":"2014-03-26T15:42:32","guid":{"rendered":"http:\/\/www.buergerforum-steinerneshaus.de\/wordpress\/?p=606"},"modified":"2014-04-11T11:33:54","modified_gmt":"2014-04-11T09:33:54","slug":"wiederwahl-des-vorstande","status":"publish","type":"post","link":"https:\/\/www.buergerforum-steinerneshaus.de\/wordpress\/?p=606","title":{"rendered":"Wiederwahl des Vorstandes und Infos zum Br\u00fcckenbau"},"content":{"rendered":"<p>Bei der Mitgliederversammlung am gestrigen Dienstag ist der gesamte Vorstand des B\u00fcrgerforums im Amt best\u00e4tigt worden. Hubertus Protz, Karl-Heinz Trebing, Hans Joachim Beckmann und Thomas Gei\u00df nehmen damit ihre Vorstandsfunktionen in bew\u00e4hrter Weise wahr. Die vier dankten den Anwesenden f\u00fcr den gro\u00dfen Vertrauensbeweis.<\/p>\n<p>Hans Joachim Beckmann berichtete \u00fcber den neuesten Stand in Sachen Bau der Schlossm\u00fchlenbr\u00fccke. <\/p>\n<div id=\"attachment_12\" style=\"width: 785px\" class=\"wp-caption aligncenter\"><a href=\"http:\/\/www.buergerforum-steinerneshaus.de\/wordpress\/wp-content\/uploads\/2013\/12\/AxelGallunLogo1.jpg\"><img loading=\"lazy\" decoding=\"async\" aria-describedby=\"caption-attachment-12\" src=\"http:\/\/www.buergerforum-steinerneshaus.de\/wordpress\/wp-content\/uploads\/2013\/12\/AxelGallunLogo1.jpg\" alt=\"Zeichnung: Axel Gallun\" width=\"775\" height=\"300\" class=\"size-full wp-image-12\" srcset=\"https:\/\/www.buergerforum-steinerneshaus.de\/wordpress\/wp-content\/uploads\/2013\/12\/AxelGallunLogo1.jpg 775w, https:\/\/www.buergerforum-steinerneshaus.de\/wordpress\/wp-content\/uploads\/2013\/12\/AxelGallunLogo1-300x116.jpg 300w\" sizes=\"(max-width: 775px) 100vw, 775px\" \/><\/a><p id=\"caption-attachment-12\" class=\"wp-caption-text\">Zeichnung: Axel Gallun<\/p><\/div>\n<p>Die wichtigste Sachinformation an diesem Abend: Der Baubeginn der Br\u00fccke ist f\u00fcr April geplant. &#8222;Bei den Holzteilen rechnen wir mit einer Bauzeit von etwa drei Wochen. Dieter Gottmann wird einen Teil der Holzteile in seiner Werkstatt in Bleichenbach fertigen. Anschlie\u00dfend werden die Teile auf den Parkplatz an der Schlossm\u00fchle angeliefert. M\u00f6glicherweise m\u00fcssen einige Bauarbeiten dann auf dem Parkplatz selbst, d.h. vor Ort, erfolgen. Zum Schluss kommt das \u201eVerschwenken\u201c der Br\u00fccke mit einem Kran\u2026 was nichts anderes bedeutet, als dass sie vom Parkplatz \u00fcber die Stra\u00dfe gehievt und auf die bis dahin eingebauten Konsolen gelegt wird&#8220;, sagte Hans Beckmann. Zwar werde die Br\u00fccke mit allergr\u00f6\u00dfter Wahrscheinlichkeit vorher in Betrieb genommen, die Einweihung finde freilich am 19. Juli im Rahmen der B\u00fcdinger Kulturnacht statt. Hubertus Protz versprach, die B\u00fcdinger \u00fcber den weiteren Verlauf der Bauarbeiten auf dem Laufenden zu halten und bat zugleich noch einmal um Spenden: &#8222;Wir machen viel in Eigenleistung; den Rest finanzieren wir ausschlie\u00dflich \u00fcber Spenden. Wir bitten die B\u00fcdinger deshalb, den Bau der Br\u00fccke mit einer Spende zu unterst\u00fctzen.&#8220;<\/p>\n<p><strong>Die Bankverbindung: B\u00fcrgerforum Steinernes Haus &#8211; F\u00f6rderkreis Altstadt B\u00fcdingen e.V., IBAN DE80518500790120064843, BIC HELADEF1FRI, Sparkasse Oberhessen<\/strong><\/p>\n","protected":false},"excerpt":{"rendered":"<p>Bei der Mitgliederversammlung am gestrigen Dienstag ist der gesamte Vorstand des B\u00fcrgerforums im Amt best\u00e4tigt worden. Hubertus Protz, Karl-Heinz Trebing, Hans Joachim Beckmann und Thomas Gei\u00df nehmen damit ihre Vorstandsfunktionen in bew\u00e4hrter Weise wahr. Die vier dankten den Anwesenden f\u00fcr den gro\u00dfen Vertrauensbeweis. Hans Joachim Beckmann berichtete \u00fcber den neuesten Stand in Sachen Bau der [&hellip;]<\/p>\n","protected":false},"author":1,"featured_media":0,"comment_status":"closed","ping_status":"closed","sticky":false,"template":"","format":"standard","meta":{"footnotes":""},"categories":[1],"tags":[],"class_list":["post-606","post","type-post","status-publish","format-standard","hentry","category-allgemein"],"_links":{"self":[{"href":"https:\/\/www.buergerforum-steinerneshaus.de\/wordpress\/index.php?rest_route=\/wp\/v2\/posts\/606"}],"collection":[{"href":"https:\/\/www.buergerforum-steinerneshaus.de\/wordpress\/index.php?rest_route=\/wp\/v2\/posts"}],"about":[{"href":"https:\/\/www.buergerforum-steinerneshaus.de\/wordpress\/index.php?rest_route=\/wp\/v2\/types\/post"}],"author":[{"embeddable":true,"href":"https:\/\/www.buergerforum-steinerneshaus.de\/wordpress\/index.php?rest_route=\/wp\/v2\/users\/1"}],"replies":[{"embeddable":true,"href":"https:\/\/www.buergerforum-steinerneshaus.de\/wordpress\/index.php?rest_route=%2Fwp%2Fv2%2Fcomments&post=606"}],"version-history":[{"count":9,"href":"https:\/\/www.buergerforum-steinerneshaus.de\/wordpress\/index.php?rest_route=\/wp\/v2\/posts\/606\/revisions"}],"predecessor-version":[{"id":639,"href":"https:\/\/www.buergerforum-steinerneshaus.de\/wordpress\/index.php?rest_route=\/wp\/v2\/posts\/606\/revisions\/639"}],"wp:attachment":[{"href":"https:\/\/www.buergerforum-steinerneshaus.de\/wordpress\/index.php?rest_route=%2Fwp%2Fv2%2Fmedia&parent=606"}],"wp:term":[{"taxonomy":"category","embeddable":true,"href":"https:\/\/www.buergerforum-steinerneshaus.de\/wordpress\/index.php?rest_route=%2Fwp%2Fv2%2Fcategories&post=606"},{"taxonomy":"post_tag","embeddable":true,"href":"https:\/\/www.buergerforum-steinerneshaus.de\/wordpress\/index.php?rest_route=%2Fwp%2Fv2%2Ftags&post=606"}],"curies":[{"name":"wp","href":"https:\/\/api.w.org\/{rel}","templated":true}]}}