{"id":577,"date":"2014-03-19T09:37:45","date_gmt":"2014-03-19T07:37:45","guid":{"rendered":"http:\/\/www.buergerforum-steinerneshaus.de\/wordpress\/?p=577"},"modified":"2014-03-19T09:56:12","modified_gmt":"2014-03-19T07:56:12","slug":"es-geht-wieder-los-die-garten-koelsch-gruppe-nimmt-die-pflegearbeiten-wieder-auf","status":"publish","type":"post","link":"https:\/\/www.buergerforum-steinerneshaus.de\/wordpress\/?p=577","title":{"rendered":"Die Garten K\u00f6lsch-Gruppe nimmt Pflegearbeiten auf"},"content":{"rendered":"<p>Am vergangenen Montag haben die Mitglieder der Pflegegruppe des Garten K\u00f6lsch ihre Arbeiten wieder aufgenommen. Wie in jedem Jahr trifft sich die Gruppe auch 2014 von M\u00e4rz bis Oktober alle zwei Wochen, um den Garten in Ordnung zu halten. <\/p>\n<div id=\"attachment_580\" style=\"width: 730px\" class=\"wp-caption aligncenter\"><a href=\"http:\/\/www.buergerforum-steinerneshaus.de\/wordpress\/wp-content\/uploads\/2014\/03\/big_14051008_0_720-416.jpg\"target=_blank\"><img loading=\"lazy\" decoding=\"async\" aria-describedby=\"caption-attachment-580\" src=\"http:\/\/www.buergerforum-steinerneshaus.de\/wordpress\/wp-content\/uploads\/2014\/03\/big_14051008_0_720-416.jpg\" alt=\"Prachtvoll: der Garten K\u00f6lsch\" width=\"720\" height=\"416\" class=\"size-full wp-image-580\" srcset=\"https:\/\/www.buergerforum-steinerneshaus.de\/wordpress\/wp-content\/uploads\/2014\/03\/big_14051008_0_720-416.jpg 720w, https:\/\/www.buergerforum-steinerneshaus.de\/wordpress\/wp-content\/uploads\/2014\/03\/big_14051008_0_720-416-300x173.jpg 300w, https:\/\/www.buergerforum-steinerneshaus.de\/wordpress\/wp-content\/uploads\/2014\/03\/big_14051008_0_720-416-624x360.jpg 624w\" sizes=\"(max-width: 720px) 100vw, 720px\" \/><\/a><p id=\"caption-attachment-580\" class=\"wp-caption-text\">Prachtvoll: der Garten K\u00f6lsch<\/p><\/div>\n<p>Die Mitglieder k\u00fcmmern sich um die Staudenfl\u00e4chen, j\u00e4ten Unkraut und sorgen daf\u00fcr, dass der Garten K\u00f6lsch bis tief in den Herbst hinein f\u00fcr die Besucher der B\u00fcdinger Altstadt ein Augenschmaus bleibt. Die Gruppe umfasst etwa 15 ehrenamtliche Helfer. Alle B\u00fcdinger, die Lust haben, ebenfalls an der Pflege des Gartens mitzuwirken, sind jederzeit herzlich willkommen.<br \/>\n<strong>Der n\u00e4chste Termin: Montag, 24. M\u00e4rz, 16.30 Uhr.<\/strong><br \/>\nWeitere Informationen zum Garten K\u00f6lsch, seiner Geschichte und der Pflegegruppe finden Sie unter dem entsprechenden Men\u00fcpunkt. <\/p>\n","protected":false},"excerpt":{"rendered":"<p>Am vergangenen Montag haben die Mitglieder der Pflegegruppe des Garten K\u00f6lsch ihre Arbeiten wieder aufgenommen. Wie in jedem Jahr trifft sich die Gruppe auch 2014 von M\u00e4rz bis Oktober alle zwei Wochen, um den Garten in Ordnung zu halten. Die Mitglieder k\u00fcmmern sich um die Staudenfl\u00e4chen, j\u00e4ten Unkraut und sorgen daf\u00fcr, dass der Garten K\u00f6lsch [&hellip;]<\/p>\n","protected":false},"author":1,"featured_media":0,"comment_status":"closed","ping_status":"closed","sticky":false,"template":"","format":"standard","meta":{"footnotes":""},"categories":[1],"tags":[],"class_list":["post-577","post","type-post","status-publish","format-standard","hentry","category-allgemein"],"_links":{"self":[{"href":"https:\/\/www.buergerforum-steinerneshaus.de\/wordpress\/index.php?rest_route=\/wp\/v2\/posts\/577"}],"collection":[{"href":"https:\/\/www.buergerforum-steinerneshaus.de\/wordpress\/index.php?rest_route=\/wp\/v2\/posts"}],"about":[{"href":"https:\/\/www.buergerforum-steinerneshaus.de\/wordpress\/index.php?rest_route=\/wp\/v2\/types\/post"}],"author":[{"embeddable":true,"href":"https:\/\/www.buergerforum-steinerneshaus.de\/wordpress\/index.php?rest_route=\/wp\/v2\/users\/1"}],"replies":[{"embeddable":true,"href":"https:\/\/www.buergerforum-steinerneshaus.de\/wordpress\/index.php?rest_route=%2Fwp%2Fv2%2Fcomments&post=577"}],"version-history":[{"count":9,"href":"https:\/\/www.buergerforum-steinerneshaus.de\/wordpress\/index.php?rest_route=\/wp\/v2\/posts\/577\/revisions"}],"predecessor-version":[{"id":587,"href":"https:\/\/www.buergerforum-steinerneshaus.de\/wordpress\/index.php?rest_route=\/wp\/v2\/posts\/577\/revisions\/587"}],"wp:attachment":[{"href":"https:\/\/www.buergerforum-steinerneshaus.de\/wordpress\/index.php?rest_route=%2Fwp%2Fv2%2Fmedia&parent=577"}],"wp:term":[{"taxonomy":"category","embeddable":true,"href":"https:\/\/www.buergerforum-steinerneshaus.de\/wordpress\/index.php?rest_route=%2Fwp%2Fv2%2Fcategories&post=577"},{"taxonomy":"post_tag","embeddable":true,"href":"https:\/\/www.buergerforum-steinerneshaus.de\/wordpress\/index.php?rest_route=%2Fwp%2Fv2%2Ftags&post=577"}],"curies":[{"name":"wp","href":"https:\/\/api.w.org\/{rel}","templated":true}]}}