{"id":555,"date":"2014-03-04T20:27:38","date_gmt":"2014-03-04T18:27:38","guid":{"rendered":"http:\/\/www.buergerforum-steinerneshaus.de\/wordpress\/?p=555"},"modified":"2014-03-21T14:13:10","modified_gmt":"2014-03-21T12:13:10","slug":"berichterstattung-ueber-das-buedinger-fuerstenhaus-welche-ziele-verfolgt-das-buergerforum","status":"publish","type":"post","link":"https:\/\/www.buergerforum-steinerneshaus.de\/wordpress\/?p=555","title":{"rendered":"Berichterstattung \u00fcber das B\u00fcdinger F\u00fcrstenhaus \u2013 Welche Ziele verfolgt das B\u00fcrgerforum?"},"content":{"rendered":"<p>Im Zusammenhang mit der aktuellen Entwicklung um das B\u00fcdinger F\u00fcrstenhaus (Streit zwischen Kirche und Stiftung \u201ePr\u00e4senz\u201c, Prozess um Millionenkredit, Klage der Stadt wegen der Sperrung des Alt-B\u00fcdinger Rundweges etc.) wurden wir von verschiedenen Medien (HR, dpa) angesprochen und um unsere Meinung gebeten. Der Hessische Rundfunk hat anschlie\u00dfend am 23.02.2014 einen Bericht ausgestrahlt, in dem u.a. Schriftf\u00fchrer Hans Joachim Beckmann zu Wort kam.<br \/>\nNeben Kirchenvertretern und dem B\u00fcrgermeister wollte man offenbar die Stimme des B\u00fcrgerforums als \u201eBetroffene\u201c h\u00f6ren. Aber inwiefern ist das B\u00fcrgerforum \u00fcberhaupt von den Vorg\u00e4ngen um die Ysenburger betroffen und welche Ziele verfolgt der Verein mit seinen \u00c4u\u00dferungen?<\/p>\n<p><a href=\"http:\/\/www.buergerforum-steinerneshaus.de\/wordpress\/wp-content\/uploads\/2014\/03\/IMG_6767a.jpg\"target=\"_blank\"><img loading=\"lazy\" decoding=\"async\" src=\"http:\/\/www.buergerforum-steinerneshaus.de\/wordpress\/wp-content\/uploads\/2014\/03\/IMG_6767a.jpg\" alt=\"IMG_6767a\" width=\"400\" height=\"267\" class=\"aligncenter size-full wp-image-559\" srcset=\"https:\/\/www.buergerforum-steinerneshaus.de\/wordpress\/wp-content\/uploads\/2014\/03\/IMG_6767a.jpg 700w, https:\/\/www.buergerforum-steinerneshaus.de\/wordpress\/wp-content\/uploads\/2014\/03\/IMG_6767a-300x200.jpg 300w, https:\/\/www.buergerforum-steinerneshaus.de\/wordpress\/wp-content\/uploads\/2014\/03\/IMG_6767a-624x416.jpg 624w\" sizes=\"(max-width: 400px) 100vw, 400px\" \/><\/a><\/p>\n<p>Dazu ein kleiner Ausflug in die kurze Vereinsgeschichte: Vor rund zehn Jahren suchten F\u00fcrst Wolfgang-Ernst, Dr. Hubertus Protz und Karl-Heinz Trebing gemeinsam nach einem Sanierungs- und Nutzungskonzept f\u00fcr das Steinerne Haus. Um dem F\u00fcrsten einen Verhandlungspartner zu verschaffen, sollte ein Verein gegr\u00fcndet werden: Das B\u00fcrgerforum. Als dieser Verein anschlie\u00dfend mit einem Fest erste Gelder akquirieren wollte und die Verhandlungen \u00fcber die Nutzung des Steinernen Hauses fortgef\u00fchrt werden sollten, entpuppte sich Erbprinz Casimir \u00fcber eine zwischengeschaltete Gesellschaft als Eigent\u00fcmer des Geb\u00e4udes. Sp\u00e4ter erfolgte ein Eigent\u00fcmerwechsel auf die \u201eTF GmbH\u201c, deren gesch\u00e4ftsf\u00fchrende Gesellschafterin F\u00fcrstin Leonille ist. Es kam noch zu einem einzigen, ergebnislosen Gespr\u00e4ch zwischen Casimir und der Vereinsf\u00fchrung, anschlie\u00dfend brachen die F\u00fcrstin und Prinz Casimir die Verhandlungen mit dem B\u00fcrgerforum ab.<br \/>\nUnsere Bem\u00fchungen, den Verfall des Steinernen Hauses durch ehrenamtliche Hilfe aufzuhalten, liefen also beinahe von Anfang an ins Leere. Auch sp\u00e4tere Kontaktaufnahmen z.B. im Zusammenhang mit einer m\u00f6glichen Nutzung der Pferdebr\u00fccke brachten kein Ergebnis. In der Zwischenzeit schritt der wirtschaftliche Niedergang der f\u00fcrstlichen Familie und ihrer Firmengruppe offenbar unaufhaltsam voran. Privatpersonen und Gesellschaften wurden insolvent, Immobilien wechselten den Eigent\u00fcmer, wann und welche ist f\u00fcr die \u00d6ffentlichkeit und uns nicht nachvollziehbar. Wilde Ger\u00fcchte schossen ins Kraut, in der Bev\u00f6lkerung grassieren Verschw\u00f6rungstheorien: Wer ist mit wem verwandt? Wer hat wen in der Hand? Der Vorwurf lautet durchweg: Ungleichbehandlung, Adelsbonus. Statt des fr\u00fcheren Stolzes auf das einheimische Adelsgeschlecht kam \u201eF\u00fcrsten-Bashing\u201c in Mode. Daran beteiligt sich das B\u00fcrgerforum selbstverst\u00e4ndlich nicht.<br \/>\nUnser Ziel ist die Aufl\u00f6sung dieser verfahrenen Situation. Wir erwarten, dass Insolvenzverwalter, Beh\u00f6rden und Gerichte die anstehenden Verfahren rasch und vorschriftsgem\u00e4\u00df abwickeln. Wir hoffen darauf, in absehbarer Zeit wieder transparente Eigentumsstrukturen und handlungsf\u00e4hige und \u2013willige Gespr\u00e4chspartner anzutreffen. Wir w\u00fcnschen uns, dann wieder im Sinne des Gemeinwohls etwas zum Erhalt unserer sch\u00f6nen Stadt beitragen zu k\u00f6nnen.<br \/>\nDie evangelische Kirche f\u00fchrt dieser Tage ein Gespr\u00e4ch mit Prinz Casimir zur Situation der Stiftung \u201ePr\u00e4senz\u201c und der Kirchengeb\u00e4ude. Wir dr\u00fccken die Daumen f\u00fcr einen positiven Ausgang und w\u00fcrden auch selbst gerne wieder in einen Dialog einsteigen.<\/p>\n","protected":false},"excerpt":{"rendered":"<p>Im Zusammenhang mit der aktuellen Entwicklung um das B\u00fcdinger F\u00fcrstenhaus (Streit zwischen Kirche und Stiftung \u201ePr\u00e4senz\u201c, Prozess um Millionenkredit, Klage der Stadt wegen der Sperrung des Alt-B\u00fcdinger Rundweges etc.) wurden wir von verschiedenen Medien (HR, dpa) angesprochen und um unsere Meinung gebeten. Der Hessische Rundfunk hat anschlie\u00dfend am 23.02.2014 einen Bericht ausgestrahlt, in dem u.a. [&hellip;]<\/p>\n","protected":false},"author":1,"featured_media":0,"comment_status":"closed","ping_status":"closed","sticky":false,"template":"","format":"standard","meta":{"footnotes":""},"categories":[1],"tags":[],"class_list":["post-555","post","type-post","status-publish","format-standard","hentry","category-allgemein"],"_links":{"self":[{"href":"https:\/\/www.buergerforum-steinerneshaus.de\/wordpress\/index.php?rest_route=\/wp\/v2\/posts\/555"}],"collection":[{"href":"https:\/\/www.buergerforum-steinerneshaus.de\/wordpress\/index.php?rest_route=\/wp\/v2\/posts"}],"about":[{"href":"https:\/\/www.buergerforum-steinerneshaus.de\/wordpress\/index.php?rest_route=\/wp\/v2\/types\/post"}],"author":[{"embeddable":true,"href":"https:\/\/www.buergerforum-steinerneshaus.de\/wordpress\/index.php?rest_route=\/wp\/v2\/users\/1"}],"replies":[{"embeddable":true,"href":"https:\/\/www.buergerforum-steinerneshaus.de\/wordpress\/index.php?rest_route=%2Fwp%2Fv2%2Fcomments&post=555"}],"version-history":[{"count":5,"href":"https:\/\/www.buergerforum-steinerneshaus.de\/wordpress\/index.php?rest_route=\/wp\/v2\/posts\/555\/revisions"}],"predecessor-version":[{"id":562,"href":"https:\/\/www.buergerforum-steinerneshaus.de\/wordpress\/index.php?rest_route=\/wp\/v2\/posts\/555\/revisions\/562"}],"wp:attachment":[{"href":"https:\/\/www.buergerforum-steinerneshaus.de\/wordpress\/index.php?rest_route=%2Fwp%2Fv2%2Fmedia&parent=555"}],"wp:term":[{"taxonomy":"category","embeddable":true,"href":"https:\/\/www.buergerforum-steinerneshaus.de\/wordpress\/index.php?rest_route=%2Fwp%2Fv2%2Fcategories&post=555"},{"taxonomy":"post_tag","embeddable":true,"href":"https:\/\/www.buergerforum-steinerneshaus.de\/wordpress\/index.php?rest_route=%2Fwp%2Fv2%2Ftags&post=555"}],"curies":[{"name":"wp","href":"https:\/\/api.w.org\/{rel}","templated":true}]}}