{"id":264,"date":"2013-11-21T21:01:04","date_gmt":"2013-11-21T19:01:04","guid":{"rendered":"http:\/\/www.buergerforum-steinerneshaus.de\/wordpress\/?p=264"},"modified":"2014-03-04T20:25:08","modified_gmt":"2014-03-04T18:25:08","slug":"baugenehmigung-ist-da","status":"publish","type":"post","link":"https:\/\/www.buergerforum-steinerneshaus.de\/wordpress\/?p=264","title":{"rendered":"Baugenehmigung ist da"},"content":{"rendered":"<p>Die Stimmung auf dem Meliorsdamm ist gut an diesem kalten Herbstmorgen. \u201eEndlich halten wir die Baugenehmigung f\u00fcr die Seemenbachbr\u00fccke in den H\u00e4nden und k\u00f6nnen loslegen\u201c, sagt Hubertus Protz, Vorsitzender des B\u00fcdinger Vereins \u201eB\u00fcrgerforum \u2013 Steinernes Haus\u201c. Auch sein Stellvertreter Karl-Heinz Trebing freut sich sichtlich: \u201eDas ist f\u00fcr uns wie Weihnachten im November.\u201c<br \/>\n<a href=\"http:\/\/www.buergerforum-steinerneshaus.de\/wordpress\/?page_id=47\" title=\"Pressemitteilungen\">Hier geht es weiter<\/a>.<\/p>\n","protected":false},"excerpt":{"rendered":"<p>Die Stimmung auf dem Meliorsdamm ist gut an diesem kalten Herbstmorgen. \u201eEndlich halten wir die Baugenehmigung f\u00fcr die Seemenbachbr\u00fccke in den H\u00e4nden und k\u00f6nnen loslegen\u201c, sagt Hubertus Protz, Vorsitzender des B\u00fcdinger Vereins \u201eB\u00fcrgerforum \u2013 Steinernes Haus\u201c. Auch sein Stellvertreter Karl-Heinz Trebing freut sich sichtlich: \u201eDas ist f\u00fcr uns wie Weihnachten im November.\u201c Hier geht es [&hellip;]<\/p>\n","protected":false},"author":1,"featured_media":0,"comment_status":"closed","ping_status":"closed","sticky":false,"template":"","format":"standard","meta":{"footnotes":""},"categories":[1],"tags":[],"class_list":["post-264","post","type-post","status-publish","format-standard","hentry","category-allgemein"],"_links":{"self":[{"href":"https:\/\/www.buergerforum-steinerneshaus.de\/wordpress\/index.php?rest_route=\/wp\/v2\/posts\/264"}],"collection":[{"href":"https:\/\/www.buergerforum-steinerneshaus.de\/wordpress\/index.php?rest_route=\/wp\/v2\/posts"}],"about":[{"href":"https:\/\/www.buergerforum-steinerneshaus.de\/wordpress\/index.php?rest_route=\/wp\/v2\/types\/post"}],"author":[{"embeddable":true,"href":"https:\/\/www.buergerforum-steinerneshaus.de\/wordpress\/index.php?rest_route=\/wp\/v2\/users\/1"}],"replies":[{"embeddable":true,"href":"https:\/\/www.buergerforum-steinerneshaus.de\/wordpress\/index.php?rest_route=%2Fwp%2Fv2%2Fcomments&post=264"}],"version-history":[{"count":3,"href":"https:\/\/www.buergerforum-steinerneshaus.de\/wordpress\/index.php?rest_route=\/wp\/v2\/posts\/264\/revisions"}],"predecessor-version":[{"id":280,"href":"https:\/\/www.buergerforum-steinerneshaus.de\/wordpress\/index.php?rest_route=\/wp\/v2\/posts\/264\/revisions\/280"}],"wp:attachment":[{"href":"https:\/\/www.buergerforum-steinerneshaus.de\/wordpress\/index.php?rest_route=%2Fwp%2Fv2%2Fmedia&parent=264"}],"wp:term":[{"taxonomy":"category","embeddable":true,"href":"https:\/\/www.buergerforum-steinerneshaus.de\/wordpress\/index.php?rest_route=%2Fwp%2Fv2%2Fcategories&post=264"},{"taxonomy":"post_tag","embeddable":true,"href":"https:\/\/www.buergerforum-steinerneshaus.de\/wordpress\/index.php?rest_route=%2Fwp%2Fv2%2Ftags&post=264"}],"curies":[{"name":"wp","href":"https:\/\/api.w.org\/{rel}","templated":true}]}}