{"id":262,"date":"2013-12-08T21:00:31","date_gmt":"2013-12-08T19:00:31","guid":{"rendered":"http:\/\/www.buergerforum-steinerneshaus.de\/wordpress\/?p=262"},"modified":"2014-01-22T11:55:42","modified_gmt":"2014-01-22T09:55:42","slug":"bruecke-ist-eingemessen","status":"publish","type":"post","link":"https:\/\/www.buergerforum-steinerneshaus.de\/wordpress\/?p=262","title":{"rendered":"Br\u00fccke ist eingemessen"},"content":{"rendered":"<p>Im Jahr 2010 hat sich der Verein \u201eB\u00fcrgerforum Steinernes Haus\u201c einer Idee angenommen, die in der Stadt immer wieder zur Sprache kommt: B\u00fcdingen braucht eine Br\u00fccke zwischen der M\u00fchltorstra\u00dfe und dem Meliorsdamm \u2013 und zwar eine, die es den Fu\u00dfg\u00e4ngern erlaubt, sich dem Verkehr und den Abgasen der stark befahrenen Ausfallstra\u00dfe in den Vogelsberg zu entziehen. \u201eEs hat zwar einige Zeit gedauert, aber nun ist die Baugenehmigung da. Jetzt wird die Br\u00fccke eingemessen und die Berechnungen von Statiker Dieter Becker m\u00fcssen von allen beteiligten Handwerkern umgesetzt werden\u201c, sagt Hubertus Protz, 1. Vorsitzender des B\u00fcrgerforums.<br \/>\n<a href=\"http:\/\/www.buergerforum-steinerneshaus.de\/wordpress\/?page_id=47\" title=\"Pressemitteilungen\">Hier geht es weiter.<\/a><\/p>\n","protected":false},"excerpt":{"rendered":"<p>Im Jahr 2010 hat sich der Verein \u201eB\u00fcrgerforum Steinernes Haus\u201c einer Idee angenommen, die in der Stadt immer wieder zur Sprache kommt: B\u00fcdingen braucht eine Br\u00fccke zwischen der M\u00fchltorstra\u00dfe und dem Meliorsdamm \u2013 und zwar eine, die es den Fu\u00dfg\u00e4ngern erlaubt, sich dem Verkehr und den Abgasen der stark befahrenen Ausfallstra\u00dfe in den Vogelsberg zu [&hellip;]<\/p>\n","protected":false},"author":1,"featured_media":0,"comment_status":"closed","ping_status":"closed","sticky":false,"template":"","format":"standard","meta":{"footnotes":""},"categories":[1],"tags":[],"class_list":["post-262","post","type-post","status-publish","format-standard","hentry","category-allgemein"],"_links":{"self":[{"href":"https:\/\/www.buergerforum-steinerneshaus.de\/wordpress\/index.php?rest_route=\/wp\/v2\/posts\/262"}],"collection":[{"href":"https:\/\/www.buergerforum-steinerneshaus.de\/wordpress\/index.php?rest_route=\/wp\/v2\/posts"}],"about":[{"href":"https:\/\/www.buergerforum-steinerneshaus.de\/wordpress\/index.php?rest_route=\/wp\/v2\/types\/post"}],"author":[{"embeddable":true,"href":"https:\/\/www.buergerforum-steinerneshaus.de\/wordpress\/index.php?rest_route=\/wp\/v2\/users\/1"}],"replies":[{"embeddable":true,"href":"https:\/\/www.buergerforum-steinerneshaus.de\/wordpress\/index.php?rest_route=%2Fwp%2Fv2%2Fcomments&post=262"}],"version-history":[{"count":2,"href":"https:\/\/www.buergerforum-steinerneshaus.de\/wordpress\/index.php?rest_route=\/wp\/v2\/posts\/262\/revisions"}],"predecessor-version":[{"id":269,"href":"https:\/\/www.buergerforum-steinerneshaus.de\/wordpress\/index.php?rest_route=\/wp\/v2\/posts\/262\/revisions\/269"}],"wp:attachment":[{"href":"https:\/\/www.buergerforum-steinerneshaus.de\/wordpress\/index.php?rest_route=%2Fwp%2Fv2%2Fmedia&parent=262"}],"wp:term":[{"taxonomy":"category","embeddable":true,"href":"https:\/\/www.buergerforum-steinerneshaus.de\/wordpress\/index.php?rest_route=%2Fwp%2Fv2%2Fcategories&post=262"},{"taxonomy":"post_tag","embeddable":true,"href":"https:\/\/www.buergerforum-steinerneshaus.de\/wordpress\/index.php?rest_route=%2Fwp%2Fv2%2Ftags&post=262"}],"curies":[{"name":"wp","href":"https:\/\/api.w.org\/{rel}","templated":true}]}}