{"id":1790,"date":"2021-03-28T16:39:02","date_gmt":"2021-03-28T14:39:02","guid":{"rendered":"https:\/\/www.buergerforum-steinerneshaus.de\/wordpress\/?p=1790"},"modified":"2021-03-28T16:39:02","modified_gmt":"2021-03-28T14:39:02","slug":"sieben-beim-stadtbuzze","status":"publish","type":"post","link":"https:\/\/www.buergerforum-steinerneshaus.de\/wordpress\/?p=1790","title":{"rendered":"Sieben beim Stadtbuzze"},"content":{"rendered":"<p><a href=\"https:\/\/www.buergerforum-steinerneshaus.de\/wordpress\/wp-content\/uploads\/2021\/03\/20210327_123646.jpg\"><img loading=\"lazy\" decoding=\"async\" class=\"aligncenter size-full wp-image-1792\" src=\"https:\/\/www.buergerforum-steinerneshaus.de\/wordpress\/wp-content\/uploads\/2021\/03\/20210327_123646.jpg\" alt=\"\" width=\"4608\" height=\"2592\" srcset=\"https:\/\/www.buergerforum-steinerneshaus.de\/wordpress\/wp-content\/uploads\/2021\/03\/20210327_123646.jpg 4608w, https:\/\/www.buergerforum-steinerneshaus.de\/wordpress\/wp-content\/uploads\/2021\/03\/20210327_123646-300x169.jpg 300w, https:\/\/www.buergerforum-steinerneshaus.de\/wordpress\/wp-content\/uploads\/2021\/03\/20210327_123646-768x432.jpg 768w, https:\/\/www.buergerforum-steinerneshaus.de\/wordpress\/wp-content\/uploads\/2021\/03\/20210327_123646-1024x576.jpg 1024w, https:\/\/www.buergerforum-steinerneshaus.de\/wordpress\/wp-content\/uploads\/2021\/03\/20210327_123646-624x351.jpg 624w\" sizes=\"(max-width: 4608px) 100vw, 4608px\" \/><\/a><em>Foto: Hubertus Protz<\/em><a href=\"https:\/\/www.buergerforum-steinerneshaus.de\/wordpress\/wp-content\/uploads\/2021\/03\/20210327_123518.jpg\"><br \/>\n<\/a><\/p>\n<p>Letztes Jahr ist das Stadtbuzze wegen Corona ausgefallen. Dieses Jahr haben einigeMitglieder und Freunde des B\u00fcrgerforums mitgemacht. Bei Regen, Sonne und Graupelschauern haben sie gut zehn S\u00e4cke Wildwuchs und M\u00fcll auf dem Meliorsdamm, im Burgmannenhof und auf den Mauern dort, auf der Stadtmauer neben dem schwarzen Turm und auf dem Ludwigsturm entfernt. Das Beweisfoto stammt vom Bollwerk.<\/p>\n<p>Ein dickes Danksch\u00f6n an die Sieben!<\/p>\n","protected":false},"excerpt":{"rendered":"<p>Foto: Hubertus Protz Letztes Jahr ist das Stadtbuzze wegen Corona ausgefallen. Dieses Jahr haben einigeMitglieder und Freunde des B\u00fcrgerforums mitgemacht. Bei Regen, Sonne und Graupelschauern haben sie gut zehn S\u00e4cke Wildwuchs und M\u00fcll auf dem Meliorsdamm, im Burgmannenhof und auf den Mauern dort, auf der Stadtmauer neben dem schwarzen Turm und auf dem Ludwigsturm entfernt. [&hellip;]<\/p>\n","protected":false},"author":1,"featured_media":0,"comment_status":"closed","ping_status":"closed","sticky":false,"template":"","format":"standard","meta":{"footnotes":""},"categories":[1],"tags":[],"class_list":["post-1790","post","type-post","status-publish","format-standard","hentry","category-allgemein"],"_links":{"self":[{"href":"https:\/\/www.buergerforum-steinerneshaus.de\/wordpress\/index.php?rest_route=\/wp\/v2\/posts\/1790"}],"collection":[{"href":"https:\/\/www.buergerforum-steinerneshaus.de\/wordpress\/index.php?rest_route=\/wp\/v2\/posts"}],"about":[{"href":"https:\/\/www.buergerforum-steinerneshaus.de\/wordpress\/index.php?rest_route=\/wp\/v2\/types\/post"}],"author":[{"embeddable":true,"href":"https:\/\/www.buergerforum-steinerneshaus.de\/wordpress\/index.php?rest_route=\/wp\/v2\/users\/1"}],"replies":[{"embeddable":true,"href":"https:\/\/www.buergerforum-steinerneshaus.de\/wordpress\/index.php?rest_route=%2Fwp%2Fv2%2Fcomments&post=1790"}],"version-history":[{"count":1,"href":"https:\/\/www.buergerforum-steinerneshaus.de\/wordpress\/index.php?rest_route=\/wp\/v2\/posts\/1790\/revisions"}],"predecessor-version":[{"id":1793,"href":"https:\/\/www.buergerforum-steinerneshaus.de\/wordpress\/index.php?rest_route=\/wp\/v2\/posts\/1790\/revisions\/1793"}],"wp:attachment":[{"href":"https:\/\/www.buergerforum-steinerneshaus.de\/wordpress\/index.php?rest_route=%2Fwp%2Fv2%2Fmedia&parent=1790"}],"wp:term":[{"taxonomy":"category","embeddable":true,"href":"https:\/\/www.buergerforum-steinerneshaus.de\/wordpress\/index.php?rest_route=%2Fwp%2Fv2%2Fcategories&post=1790"},{"taxonomy":"post_tag","embeddable":true,"href":"https:\/\/www.buergerforum-steinerneshaus.de\/wordpress\/index.php?rest_route=%2Fwp%2Fv2%2Ftags&post=1790"}],"curies":[{"name":"wp","href":"https:\/\/api.w.org\/{rel}","templated":true}]}}