{"id":1733,"date":"2019-11-01T10:16:39","date_gmt":"2019-11-01T08:16:39","guid":{"rendered":"https:\/\/www.buergerforum-steinerneshaus.de\/wordpress\/?p=1733"},"modified":"2019-11-01T10:16:39","modified_gmt":"2019-11-01T08:16:39","slug":"ehepaar-goemmer-spendet-680-euro","status":"publish","type":"post","link":"https:\/\/www.buergerforum-steinerneshaus.de\/wordpress\/?p=1733","title":{"rendered":"Ehepaar G\u00f6mmer spendet 680 Euro"},"content":{"rendered":"<div id=\"attachment_1734\" style=\"width: 735px\" class=\"wp-caption aligncenter\"><a href=\"https:\/\/www.buergerforum-steinerneshaus.de\/wordpress\/wp-content\/uploads\/2019\/11\/Spenden\u00fcbergabe-Fam-G\u00f6mmer-e1572596161198.jpg\"><img loading=\"lazy\" decoding=\"async\" aria-describedby=\"caption-attachment-1734\" class=\"size-full wp-image-1734\" src=\"https:\/\/www.buergerforum-steinerneshaus.de\/wordpress\/wp-content\/uploads\/2019\/11\/Spenden\u00fcbergabe-Fam-G\u00f6mmer-e1572596161198.jpg\" alt=\"\" width=\"725\" height=\"408\" \/><\/a><p id=\"caption-attachment-1734\" class=\"wp-caption-text\">Spenden\u00fcbergabe auf dem Meliorsdamm mit dem Steinernen Haus im Hintergrund<\/p><\/div>\n<p>F\u00fcr Elisabeth und Eberhard G\u00f6mmer ist 2019 ein Jahr der Jubil\u00e4en. Im M\u00e4rz wurde Elisabeth G\u00f6mmer 80 Jahre alt. Am 13. August feierten die beiden ihre Silberhochzeit. Eberhard G\u00f6mmer ist heuer 50 Jahre als S\u00e4nger aktiv &#8211; zuerst im B\u00fcdinger M\u00e4nnerchor, nachdem der sich aufgel\u00f6st hatte im M\u00e4nnergesangverein Wolferborn. Seine Frau macht seit 30 Jahren F\u00fchrungen in der Stadt und im B\u00fcdinger Schloss. 80 Jahre, 50 Jahre, 30 Jahre, Silberhochzeit: Das sind nicht einmal alle Jubil\u00e4en, die es im Hause G\u00f6mmer zu begehen gilt, aber zumindest die meisten. An einem Wochenende im August hatten die beiden also Geschwister, Kinder und Enkel nach B\u00fcdingen eingeladen, um gemeinsam zu feiern. Statt Geschenken w\u00fcnschten sich die Jubilare Spenden f\u00fcr das B\u00fcrgerforum Steinernes Haus.<\/p>\n<p>680 Euro sind auf diese Weise am Festwochenende zusammengekommen. Das Ehepaar G\u00f6mmer hat die Spende in dieser Woche an den Vereinsvorsitzenden Dr. Hubertus Protz \u00fcbergeben. \u201eIch bin geb\u00fcrtiger B\u00fcdinger und Vereinsmitglied\u201c, begr\u00fcndete Eberhard G\u00f6mmer die Entscheidung f\u00fcr die Zuwendung an das B\u00fcrgerforum: \u201eIch freue mich, wenn sich in der Stadt etwas verbessert und besonders freue ich mich, wenn das B\u00fcrgerforum eine Ma\u00dfnahme in der Altstadt oder der Neustadt bezuschusst.\u201c Elisabeth G\u00f6mmer nannte als Grund ihre Liebe zu B\u00fcdingen. Die habe sie von ihrem Vater, der in der ehemaligen Residenzstadt als Berufschullehrer unterrichtete und zudem Mitglied im Geschichtsverein war. \u201eGenau wie ich hat auch mein Papa als Stadtf\u00fchrer vielen interessierten Besuchern die B\u00fcdinger Geschichte n\u00e4hergebracht\u201c, sagte Elisabeth G\u00f6mmer, die zudem seit 17 Jahren Fachwerkf\u00fchrungen in anbietet. Sie f\u00fchrt die G\u00e4ste dabei stilecht in Zimmermannskluft gekleidet. Ebenso lange f\u00fchrt ihr Mann &#8211; mit Laterne und Hellebarde ausger\u00fcstet und in historischem Gewand &#8211; G\u00e4ste bei Nachtw\u00e4chterf\u00fchrungen durch die Altstadt.<\/p>\n<p>Hubertus Protz bedankte sich bei Eberhard und Elisabeth G\u00f6mmer. \u201eWir freuen uns \u00fcber jede Spende\u201c, betonte er. \u201eWir freuen uns aber auch \u00fcber jeden Hauseigent\u00fcmer, der f\u00fcr eine Sanierungsma\u00dfnahme in der Altstadt einen Zuschuss unseres Vereins in Anspruch nimmt.\u201c Das B\u00fcrgerforum habe sich in seiner Vereinssatzung dem Erhalt von Kulturgut und historischer Bausubstanz in B\u00fcdingen verpflichtet. \u201eVon uns werden vor allem Ma\u00dfnahmen gef\u00f6rdert, die dem Erhalt des Stadtbilds in Alt- und Vorstadt dienen &#8211; und zwar unabh\u00e4ngig von den sozialen Verh\u00e4ltnissen der Bauherren. Die Sanierungsma\u00dfnahmen m\u00fcssen nat\u00fcrlich mit der Denkmalpflege abgestimmt sein\u201c, so Hubertus Protz.<\/p>\n","protected":false},"excerpt":{"rendered":"<p>F\u00fcr Elisabeth und Eberhard G\u00f6mmer ist 2019 ein Jahr der Jubil\u00e4en. Im M\u00e4rz wurde Elisabeth G\u00f6mmer 80 Jahre alt. Am 13. August feierten die beiden ihre Silberhochzeit. Eberhard G\u00f6mmer ist heuer 50 Jahre als S\u00e4nger aktiv &#8211; zuerst im B\u00fcdinger M\u00e4nnerchor, nachdem der sich aufgel\u00f6st hatte im M\u00e4nnergesangverein Wolferborn. Seine Frau macht seit 30 Jahren [&hellip;]<\/p>\n","protected":false},"author":1,"featured_media":0,"comment_status":"closed","ping_status":"closed","sticky":false,"template":"","format":"standard","meta":{"footnotes":""},"categories":[1],"tags":[],"class_list":["post-1733","post","type-post","status-publish","format-standard","hentry","category-allgemein"],"_links":{"self":[{"href":"https:\/\/www.buergerforum-steinerneshaus.de\/wordpress\/index.php?rest_route=\/wp\/v2\/posts\/1733"}],"collection":[{"href":"https:\/\/www.buergerforum-steinerneshaus.de\/wordpress\/index.php?rest_route=\/wp\/v2\/posts"}],"about":[{"href":"https:\/\/www.buergerforum-steinerneshaus.de\/wordpress\/index.php?rest_route=\/wp\/v2\/types\/post"}],"author":[{"embeddable":true,"href":"https:\/\/www.buergerforum-steinerneshaus.de\/wordpress\/index.php?rest_route=\/wp\/v2\/users\/1"}],"replies":[{"embeddable":true,"href":"https:\/\/www.buergerforum-steinerneshaus.de\/wordpress\/index.php?rest_route=%2Fwp%2Fv2%2Fcomments&post=1733"}],"version-history":[{"count":1,"href":"https:\/\/www.buergerforum-steinerneshaus.de\/wordpress\/index.php?rest_route=\/wp\/v2\/posts\/1733\/revisions"}],"predecessor-version":[{"id":1735,"href":"https:\/\/www.buergerforum-steinerneshaus.de\/wordpress\/index.php?rest_route=\/wp\/v2\/posts\/1733\/revisions\/1735"}],"wp:attachment":[{"href":"https:\/\/www.buergerforum-steinerneshaus.de\/wordpress\/index.php?rest_route=%2Fwp%2Fv2%2Fmedia&parent=1733"}],"wp:term":[{"taxonomy":"category","embeddable":true,"href":"https:\/\/www.buergerforum-steinerneshaus.de\/wordpress\/index.php?rest_route=%2Fwp%2Fv2%2Fcategories&post=1733"},{"taxonomy":"post_tag","embeddable":true,"href":"https:\/\/www.buergerforum-steinerneshaus.de\/wordpress\/index.php?rest_route=%2Fwp%2Fv2%2Ftags&post=1733"}],"curies":[{"name":"wp","href":"https:\/\/api.w.org\/{rel}","templated":true}]}}