{"id":1716,"date":"2019-07-08T17:16:43","date_gmt":"2019-07-08T15:16:43","guid":{"rendered":"https:\/\/www.buergerforum-steinerneshaus.de\/wordpress\/?p=1716"},"modified":"2019-07-20T10:00:46","modified_gmt":"2019-07-20T08:00:46","slug":"garten-koelsch-fest-2019-same-same-but-different","status":"publish","type":"post","link":"https:\/\/www.buergerforum-steinerneshaus.de\/wordpress\/?p=1716","title":{"rendered":"Garten K\u00f6lsch Fest 2019: Same same but different"},"content":{"rendered":"<p><a href=\"https:\/\/www.buergerforum-steinerneshaus.de\/wordpress\/wp-content\/uploads\/2019\/07\/P1010221-e1562763405501.jpg\"><img loading=\"lazy\" decoding=\"async\" class=\"aligncenter size-full wp-image-1727\" src=\"https:\/\/www.buergerforum-steinerneshaus.de\/wordpress\/wp-content\/uploads\/2019\/07\/P1010221-e1562763405501.jpg\" alt=\"\" width=\"725\" height=\"483\" \/><\/a><\/p>\n<p>Wir feiern wieder. In genau einem Monat. Wie immer im Garten K\u00f6lsch. Viele unserer G\u00e4ste kennt ihr schon. Die Korbflechterin hat im vergangenen Jahr ihr K\u00f6nnen gezeigt, Axel Gallun seine Skulpturen. Aber unser Fest ist trotzdem different. Waltraud Kleinau wird andere M\u00e4rchen erz\u00e4hlen. Klar, oder! Auch die Staudeng\u00e4rtnerei Kustermann war schon mal zu Gast, aber Stauden und Gartenberatung braucht man doch immer mal, oder? Genau wie den Wein, den Compiri Weinhandel kredenzt. Laura Ute Melzer macht auch wieder mit. Aber statt Keramik stellt sie in diesem Jahr Bilder an den Gartenzaun. Zum Gucken und Kaufen. Besonders freuen wir uns auf die junge Stella Luise Smith, die schon beim letzten Mal ganz bezaubernd Poi-Jonglage vorgef\u00fchrt hat.<\/p>\n<p><a href=\"https:\/\/www.buergerforum-steinerneshaus.de\/wordpress\/wp-content\/uploads\/2019\/07\/P1010191-e1562763513314.jpg\"><img loading=\"lazy\" decoding=\"async\" class=\"aligncenter size-full wp-image-1728\" src=\"https:\/\/www.buergerforum-steinerneshaus.de\/wordpress\/wp-content\/uploads\/2019\/07\/P1010191-e1562763513314.jpg\" alt=\"\" width=\"725\" height=\"483\" \/><\/a><\/p>\n<p>Junge alte Bekannte sind selbstverst\u00e4ndlich auch dabei: Vom gemeinsamen Jammen im Garten inspiriert, haben Alexandra B\u00fccking, Sebastian Barwinek, und Jonathan Appel gemeinsam mit Ursula Senn (spielt diatonisches Akkordeon) eine Band gegr\u00fcndet. Familh Celtic hei\u00dft sie und macht genau die Musik, die im Namen steckt. Die Gruppe hatte vor einigen Monaten im B\u00fcdinger Kulturkreis einen spontanen, sehr gelungenen Gig. Wir sind deshalb sehr gespannt auf ihre Darbietung am 17. August.<\/p>\n<p>Neu dabei ist Sebastian Scheid. Freunden der T\u00f6pferkunst ist der D\u00fcdelsheimer ganz gewiss ein Begriff. Seine Werke finden sich schlie\u00dflich nicht nur in Museen, sondern seine Gebrauchskeramik bereichert auch viele Haushalte. F\u00fcr unser Garten K\u00f6lsch-Fest t\u00f6pfert er Vogeltr\u00e4nken. Die wiederum sind eine Freude f\u00fcr jede Vogelliebhaberin und Gartenbesitzerin.<\/p>\n<p><a href=\"https:\/\/www.buergerforum-steinerneshaus.de\/wordpress\/wp-content\/uploads\/2019\/07\/P5280034-e1562763615438.jpg\"><img loading=\"lazy\" decoding=\"async\" class=\"aligncenter size-full wp-image-1729\" src=\"https:\/\/www.buergerforum-steinerneshaus.de\/wordpress\/wp-content\/uploads\/2019\/07\/P5280034-e1562763615438.jpg\" alt=\"\" width=\"725\" height=\"408\" \/><\/a><\/p>\n<p>Neu dabei ist auch Georg Lenz, besser bekannt als \u201eBratwurst-Lenz\u201c. Uns l\u00e4uft schon das Wasser im Mund zusammen. Das darf den Vegetariern ruhig auch so gehen. An diese hat Herr Lenz n\u00e4mlich auch gedacht.<\/p>\n<p>Und sonst?<br \/>\nDer abendliche Hauptact ist eine Wiederholung und doch keine. Soul B\u00fcches spielt, rockt, soult, unterh\u00e4lt und l\u00e4dt zum Mitwippen ein. Oder zum Mittanzen. Platz genug d\u00fcrfte es im Garten, vor dem Sandsteinapfel oder auf dem angrenzenden Parkplatz geben.<\/p>\n<p>Auf ein sch\u00f6nes Fest, Freunde! Same same but different!<\/p>\n<p>&nbsp;<\/p>\n<p>Und hier noch einmal als PDF-Datei:\u00a0<a href=\"https:\/\/www.buergerforum-steinerneshaus.de\/wordpress\/wp-content\/uploads\/2019\/07\/GK2019-final.pdf\">Flyer Garten K\u00f6lsch-Fest 2019<\/a><\/p>\n","protected":false},"excerpt":{"rendered":"<p>Wir feiern wieder. In genau einem Monat. Wie immer im Garten K\u00f6lsch. Viele unserer G\u00e4ste kennt ihr schon. Die Korbflechterin hat im vergangenen Jahr ihr K\u00f6nnen gezeigt, Axel Gallun seine Skulpturen. Aber unser Fest ist trotzdem different. Waltraud Kleinau wird andere M\u00e4rchen erz\u00e4hlen. Klar, oder! Auch die Staudeng\u00e4rtnerei Kustermann war schon mal zu Gast, aber [&hellip;]<\/p>\n","protected":false},"author":1,"featured_media":0,"comment_status":"closed","ping_status":"closed","sticky":false,"template":"","format":"standard","meta":{"footnotes":""},"categories":[1],"tags":[],"class_list":["post-1716","post","type-post","status-publish","format-standard","hentry","category-allgemein"],"_links":{"self":[{"href":"https:\/\/www.buergerforum-steinerneshaus.de\/wordpress\/index.php?rest_route=\/wp\/v2\/posts\/1716"}],"collection":[{"href":"https:\/\/www.buergerforum-steinerneshaus.de\/wordpress\/index.php?rest_route=\/wp\/v2\/posts"}],"about":[{"href":"https:\/\/www.buergerforum-steinerneshaus.de\/wordpress\/index.php?rest_route=\/wp\/v2\/types\/post"}],"author":[{"embeddable":true,"href":"https:\/\/www.buergerforum-steinerneshaus.de\/wordpress\/index.php?rest_route=\/wp\/v2\/users\/1"}],"replies":[{"embeddable":true,"href":"https:\/\/www.buergerforum-steinerneshaus.de\/wordpress\/index.php?rest_route=%2Fwp%2Fv2%2Fcomments&post=1716"}],"version-history":[{"count":8,"href":"https:\/\/www.buergerforum-steinerneshaus.de\/wordpress\/index.php?rest_route=\/wp\/v2\/posts\/1716\/revisions"}],"predecessor-version":[{"id":1732,"href":"https:\/\/www.buergerforum-steinerneshaus.de\/wordpress\/index.php?rest_route=\/wp\/v2\/posts\/1716\/revisions\/1732"}],"wp:attachment":[{"href":"https:\/\/www.buergerforum-steinerneshaus.de\/wordpress\/index.php?rest_route=%2Fwp%2Fv2%2Fmedia&parent=1716"}],"wp:term":[{"taxonomy":"category","embeddable":true,"href":"https:\/\/www.buergerforum-steinerneshaus.de\/wordpress\/index.php?rest_route=%2Fwp%2Fv2%2Fcategories&post=1716"},{"taxonomy":"post_tag","embeddable":true,"href":"https:\/\/www.buergerforum-steinerneshaus.de\/wordpress\/index.php?rest_route=%2Fwp%2Fv2%2Ftags&post=1716"}],"curies":[{"name":"wp","href":"https:\/\/api.w.org\/{rel}","templated":true}]}}