{"id":1602,"date":"2018-02-16T16:17:21","date_gmt":"2018-02-16T14:17:21","guid":{"rendered":"http:\/\/www.buergerforum-steinerneshaus.de\/wordpress\/?p=1602"},"modified":"2018-05-25T18:36:19","modified_gmt":"2018-05-25T16:36:19","slug":"jahreshauptversammlung-2018","status":"publish","type":"post","link":"https:\/\/www.buergerforum-steinerneshaus.de\/wordpress\/?p=1602","title":{"rendered":"Jahreshauptversammlung 2018"},"content":{"rendered":"<p><a href=\"http:\/\/www.buergerforum-steinerneshaus.de\/wordpress\/wp-content\/uploads\/2018\/02\/November13a-e1518792261408.jpg\"><img loading=\"lazy\" decoding=\"async\" class=\"aligncenter size-full wp-image-1610\" src=\"http:\/\/www.buergerforum-steinerneshaus.de\/wordpress\/wp-content\/uploads\/2018\/02\/November13a-e1518792261408.jpg\" alt=\"\" width=\"725\" height=\"483\" \/><\/a>Am Dienstag, 20. Februar, findet die j\u00e4hrliche Mitgliederversammlung des B\u00fcrgerforums Steinernes Haus statt &#8211; und zwar um 20 Uhr im B\u00fcdinger Schlosscaf\u00e9.<\/p>\n<p>Neben der Neuwahl des Vorstandes steht der Gesch\u00e4ftsbericht \u00fcber das vergangene Jahr auf dem Programm. Dr. Klaus-Peter Decker wird in einem kurzen <strong>Vortrag \u00fcber die Bedeutung der Remigiuskirche <\/strong>sprechen. Au\u00dferdem wird Axel Gallun das Projekt auf dem Herzbergplatz vorstellen.<\/p>\n<p>Eingeladen sind nicht nur Mitglieder, sondern all jene, die sich f\u00fcr unsere Arbeit interssieren und sich informieren m\u00f6chten.<\/p>\n<p><a href=\"https:\/\/www.buergerforum-steinerneshaus.de\/wordpress\/wp-content\/uploads\/2018\/02\/EinladungMV20-02-18-Email.pdf\">Die Einladung zur Mitgliederversammlung als PDF gibt es hier.<\/a><br \/>\nWir sehen uns.<\/p>\n<p>&nbsp;<\/p>\n","protected":false},"excerpt":{"rendered":"<p>Am Dienstag, 20. Februar, findet die j\u00e4hrliche Mitgliederversammlung des B\u00fcrgerforums Steinernes Haus statt &#8211; und zwar um 20 Uhr im B\u00fcdinger Schlosscaf\u00e9. Neben der Neuwahl des Vorstandes steht der Gesch\u00e4ftsbericht \u00fcber das vergangene Jahr auf dem Programm. Dr. Klaus-Peter Decker wird in einem kurzen Vortrag \u00fcber die Bedeutung der Remigiuskirche sprechen. Au\u00dferdem wird Axel Gallun [&hellip;]<\/p>\n","protected":false},"author":1,"featured_media":0,"comment_status":"closed","ping_status":"closed","sticky":false,"template":"","format":"standard","meta":{"footnotes":""},"categories":[1],"tags":[],"class_list":["post-1602","post","type-post","status-publish","format-standard","hentry","category-allgemein"],"_links":{"self":[{"href":"https:\/\/www.buergerforum-steinerneshaus.de\/wordpress\/index.php?rest_route=\/wp\/v2\/posts\/1602"}],"collection":[{"href":"https:\/\/www.buergerforum-steinerneshaus.de\/wordpress\/index.php?rest_route=\/wp\/v2\/posts"}],"about":[{"href":"https:\/\/www.buergerforum-steinerneshaus.de\/wordpress\/index.php?rest_route=\/wp\/v2\/types\/post"}],"author":[{"embeddable":true,"href":"https:\/\/www.buergerforum-steinerneshaus.de\/wordpress\/index.php?rest_route=\/wp\/v2\/users\/1"}],"replies":[{"embeddable":true,"href":"https:\/\/www.buergerforum-steinerneshaus.de\/wordpress\/index.php?rest_route=%2Fwp%2Fv2%2Fcomments&post=1602"}],"version-history":[{"count":9,"href":"https:\/\/www.buergerforum-steinerneshaus.de\/wordpress\/index.php?rest_route=\/wp\/v2\/posts\/1602\/revisions"}],"predecessor-version":[{"id":1656,"href":"https:\/\/www.buergerforum-steinerneshaus.de\/wordpress\/index.php?rest_route=\/wp\/v2\/posts\/1602\/revisions\/1656"}],"wp:attachment":[{"href":"https:\/\/www.buergerforum-steinerneshaus.de\/wordpress\/index.php?rest_route=%2Fwp%2Fv2%2Fmedia&parent=1602"}],"wp:term":[{"taxonomy":"category","embeddable":true,"href":"https:\/\/www.buergerforum-steinerneshaus.de\/wordpress\/index.php?rest_route=%2Fwp%2Fv2%2Fcategories&post=1602"},{"taxonomy":"post_tag","embeddable":true,"href":"https:\/\/www.buergerforum-steinerneshaus.de\/wordpress\/index.php?rest_route=%2Fwp%2Fv2%2Ftags&post=1602"}],"curies":[{"name":"wp","href":"https:\/\/api.w.org\/{rel}","templated":true}]}}