{"id":1533,"date":"2017-07-22T16:21:07","date_gmt":"2017-07-22T14:21:07","guid":{"rendered":"http:\/\/www.buergerforum-steinerneshaus.de\/wordpress\/?p=1533"},"modified":"2017-07-22T16:23:07","modified_gmt":"2017-07-22T14:23:07","slug":"sonne-mond-und-kunstgenuss-2","status":"publish","type":"post","link":"https:\/\/www.buergerforum-steinerneshaus.de\/wordpress\/?p=1533","title":{"rendered":"Sonne, Mond und Kunstgenuss"},"content":{"rendered":"<p><a href=\"http:\/\/www.buergerforum-steinerneshaus.de\/wordpress\/wp-content\/uploads\/2017\/07\/Foto-Faltblatt.jpg\"><img loading=\"lazy\" decoding=\"async\" class=\"aligncenter size-full wp-image-1534\" src=\"http:\/\/www.buergerforum-steinerneshaus.de\/wordpress\/wp-content\/uploads\/2017\/07\/Foto-Faltblatt.jpg\" alt=\"\" width=\"435\" height=\"281\" srcset=\"https:\/\/www.buergerforum-steinerneshaus.de\/wordpress\/wp-content\/uploads\/2017\/07\/Foto-Faltblatt.jpg 435w, https:\/\/www.buergerforum-steinerneshaus.de\/wordpress\/wp-content\/uploads\/2017\/07\/Foto-Faltblatt-300x194.jpg 300w\" sizes=\"(max-width: 435px) 100vw, 435px\" \/><\/a>Am Samstag, den 19. August, ist es soweit: Wir feiern ein Fest im Garten K\u00f6lsch. Um 15 Uhr geht es los. Dass wir Speisen und Getr\u00e4nke anbieten, m\u00fcssen wir wohl nicht erw\u00e4hnen, das geh\u00f6rt ja schlie\u00dflich zu einem Fest. Des Bemerkens wert sind die Teilnehmer. Es gibt Kunst von Axel Gallun und Lars Korten. Sebastian Barwinek, Hutch B\u00fccking und Axel Gladrow machen Musik. Waltraud Kleinau wird sch\u00f6ne M\u00e4rchen erz\u00e4hlen und Stella Luise Smith zeigen, dass sie Poi-Jonglage beherrscht. \u00dcber diese K\u00fcnstler freuen wir uns sehr. Besonders toll finden wir, dass die junge, bunte, unkonventionelle Musik- und Schauspieltruppe JuleKu am sp\u00e4ten Nachmittag Comedia dell&#8217;arte-Sketche auff\u00fchrt. Ein besonderes Schmankerl: Soul B\u00fcches, eine neue Musikformation um Thomas &#8222;Charly&#8220; Appel hat ihren allerallerersten \u00f6ffentlichen Auftritt bei uns im Garten K\u00f6lsch.<\/p>\n<p>Wir freuen uns auf Sie!<\/p>\n<p><a href=\"http:\/\/www.buergerforum-steinerneshaus.de\/wordpress\/wp-content\/uploads\/2017\/07\/Flyer-final.pdf\">Hier steht alles Weitere drin.<\/a><\/p>\n<p>&nbsp;<\/p>\n","protected":false},"excerpt":{"rendered":"<p>Am Samstag, den 19. August, ist es soweit: Wir feiern ein Fest im Garten K\u00f6lsch. Um 15 Uhr geht es los. Dass wir Speisen und Getr\u00e4nke anbieten, m\u00fcssen wir wohl nicht erw\u00e4hnen, das geh\u00f6rt ja schlie\u00dflich zu einem Fest. Des Bemerkens wert sind die Teilnehmer. Es gibt Kunst von Axel Gallun und Lars Korten. Sebastian [&hellip;]<\/p>\n","protected":false},"author":1,"featured_media":0,"comment_status":"closed","ping_status":"closed","sticky":false,"template":"","format":"standard","meta":{"footnotes":""},"categories":[1],"tags":[],"class_list":["post-1533","post","type-post","status-publish","format-standard","hentry","category-allgemein"],"_links":{"self":[{"href":"https:\/\/www.buergerforum-steinerneshaus.de\/wordpress\/index.php?rest_route=\/wp\/v2\/posts\/1533"}],"collection":[{"href":"https:\/\/www.buergerforum-steinerneshaus.de\/wordpress\/index.php?rest_route=\/wp\/v2\/posts"}],"about":[{"href":"https:\/\/www.buergerforum-steinerneshaus.de\/wordpress\/index.php?rest_route=\/wp\/v2\/types\/post"}],"author":[{"embeddable":true,"href":"https:\/\/www.buergerforum-steinerneshaus.de\/wordpress\/index.php?rest_route=\/wp\/v2\/users\/1"}],"replies":[{"embeddable":true,"href":"https:\/\/www.buergerforum-steinerneshaus.de\/wordpress\/index.php?rest_route=%2Fwp%2Fv2%2Fcomments&post=1533"}],"version-history":[{"count":4,"href":"https:\/\/www.buergerforum-steinerneshaus.de\/wordpress\/index.php?rest_route=\/wp\/v2\/posts\/1533\/revisions"}],"predecessor-version":[{"id":1539,"href":"https:\/\/www.buergerforum-steinerneshaus.de\/wordpress\/index.php?rest_route=\/wp\/v2\/posts\/1533\/revisions\/1539"}],"wp:attachment":[{"href":"https:\/\/www.buergerforum-steinerneshaus.de\/wordpress\/index.php?rest_route=%2Fwp%2Fv2%2Fmedia&parent=1533"}],"wp:term":[{"taxonomy":"category","embeddable":true,"href":"https:\/\/www.buergerforum-steinerneshaus.de\/wordpress\/index.php?rest_route=%2Fwp%2Fv2%2Fcategories&post=1533"},{"taxonomy":"post_tag","embeddable":true,"href":"https:\/\/www.buergerforum-steinerneshaus.de\/wordpress\/index.php?rest_route=%2Fwp%2Fv2%2Ftags&post=1533"}],"curies":[{"name":"wp","href":"https:\/\/api.w.org\/{rel}","templated":true}]}}