{"id":1452,"date":"2017-02-01T10:41:24","date_gmt":"2017-02-01T08:41:24","guid":{"rendered":"http:\/\/www.buergerforum-steinerneshaus.de\/wordpress\/?p=1452"},"modified":"2017-02-08T18:24:34","modified_gmt":"2017-02-08T16:24:34","slug":"einladung-zur-hauptversammlung","status":"publish","type":"post","link":"https:\/\/www.buergerforum-steinerneshaus.de\/wordpress\/?p=1452","title":{"rendered":"Einladung zur Hauptversammlung"},"content":{"rendered":"<div id=\"attachment_105\" style=\"width: 494px\" class=\"wp-caption aligncenter\"><a href=\"http:\/\/www.buergerforum-steinerneshaus.de\/wordpress\/wp-content\/uploads\/2014\/01\/Steinernes-haus-1.jpg\"><img loading=\"lazy\" decoding=\"async\" aria-describedby=\"caption-attachment-105\" class=\"size-full wp-image-105\" src=\"http:\/\/www.buergerforum-steinerneshaus.de\/wordpress\/wp-content\/uploads\/2014\/01\/Steinernes-haus-1.jpg\" alt=\"\" width=\"484\" height=\"436\" srcset=\"https:\/\/www.buergerforum-steinerneshaus.de\/wordpress\/wp-content\/uploads\/2014\/01\/Steinernes-haus-1.jpg 484w, https:\/\/www.buergerforum-steinerneshaus.de\/wordpress\/wp-content\/uploads\/2014\/01\/Steinernes-haus-1-300x270.jpg 300w\" sizes=\"(max-width: 484px) 100vw, 484px\" \/><\/a><p id=\"caption-attachment-105\" class=\"wp-caption-text\">Zeichnung: Eva Link<\/p><\/div>\n<p>Am Dienstag, 7. M\u00e4rz 2017, findet die Jahreshauptversammlung des B\u00fcrgerforums Steinernes Haus &#8211; F\u00f6rderkreis Altstadt B\u00fcdingen e.V. statt &#8211; und zwar um 20 Uhr im Schlosscaf\u00e9, Schlossplatz 9.<\/p>\n<p>Wir laden Interessierte herzlich dazu ein, an dieser Versammlung teilzunehmen. Der Vorsitzende Dr. Hubertus Protz wird \u00fcber die Vereinsaktivit\u00e4ten des vergangenen Jahres berichten und geplante Projekte vorstellen.<\/p>\n<p>Die Einladung als PDF-Datei zum Herunterladen: <a href=\"http:\/\/www.buergerforum-steinerneshaus.de\/wordpress\/wp-content\/uploads\/2017\/02\/EinladungMV7-03-17-Email.pdf\">EinladungMV7-03-17-Email<\/a><\/p>\n","protected":false},"excerpt":{"rendered":"<p>Am Dienstag, 7. M\u00e4rz 2017, findet die Jahreshauptversammlung des B\u00fcrgerforums Steinernes Haus &#8211; F\u00f6rderkreis Altstadt B\u00fcdingen e.V. statt &#8211; und zwar um 20 Uhr im Schlosscaf\u00e9, Schlossplatz 9. Wir laden Interessierte herzlich dazu ein, an dieser Versammlung teilzunehmen. Der Vorsitzende Dr. Hubertus Protz wird \u00fcber die Vereinsaktivit\u00e4ten des vergangenen Jahres berichten und geplante Projekte vorstellen. [&hellip;]<\/p>\n","protected":false},"author":1,"featured_media":0,"comment_status":"closed","ping_status":"closed","sticky":false,"template":"","format":"standard","meta":{"footnotes":""},"categories":[1],"tags":[],"class_list":["post-1452","post","type-post","status-publish","format-standard","hentry","category-allgemein"],"_links":{"self":[{"href":"https:\/\/www.buergerforum-steinerneshaus.de\/wordpress\/index.php?rest_route=\/wp\/v2\/posts\/1452"}],"collection":[{"href":"https:\/\/www.buergerforum-steinerneshaus.de\/wordpress\/index.php?rest_route=\/wp\/v2\/posts"}],"about":[{"href":"https:\/\/www.buergerforum-steinerneshaus.de\/wordpress\/index.php?rest_route=\/wp\/v2\/types\/post"}],"author":[{"embeddable":true,"href":"https:\/\/www.buergerforum-steinerneshaus.de\/wordpress\/index.php?rest_route=\/wp\/v2\/users\/1"}],"replies":[{"embeddable":true,"href":"https:\/\/www.buergerforum-steinerneshaus.de\/wordpress\/index.php?rest_route=%2Fwp%2Fv2%2Fcomments&post=1452"}],"version-history":[{"count":4,"href":"https:\/\/www.buergerforum-steinerneshaus.de\/wordpress\/index.php?rest_route=\/wp\/v2\/posts\/1452\/revisions"}],"predecessor-version":[{"id":1464,"href":"https:\/\/www.buergerforum-steinerneshaus.de\/wordpress\/index.php?rest_route=\/wp\/v2\/posts\/1452\/revisions\/1464"}],"wp:attachment":[{"href":"https:\/\/www.buergerforum-steinerneshaus.de\/wordpress\/index.php?rest_route=%2Fwp%2Fv2%2Fmedia&parent=1452"}],"wp:term":[{"taxonomy":"category","embeddable":true,"href":"https:\/\/www.buergerforum-steinerneshaus.de\/wordpress\/index.php?rest_route=%2Fwp%2Fv2%2Fcategories&post=1452"},{"taxonomy":"post_tag","embeddable":true,"href":"https:\/\/www.buergerforum-steinerneshaus.de\/wordpress\/index.php?rest_route=%2Fwp%2Fv2%2Ftags&post=1452"}],"curies":[{"name":"wp","href":"https:\/\/api.w.org\/{rel}","templated":true}]}}