{"id":1398,"date":"2016-11-23T14:27:53","date_gmt":"2016-11-23T12:27:53","guid":{"rendered":"http:\/\/www.buergerforum-steinerneshaus.de\/wordpress\/?p=1398"},"modified":"2016-11-24T16:10:55","modified_gmt":"2016-11-24T14:10:55","slug":"bilder-fuer-die-gaeste","status":"publish","type":"post","link":"https:\/\/www.buergerforum-steinerneshaus.de\/wordpress\/?p=1398","title":{"rendered":"Bilder f\u00fcr die Neuank\u00f6mmlinge"},"content":{"rendered":"<div id=\"attachment_1399\" style=\"width: 735px\" class=\"wp-caption aligncenter\"><a href=\"http:\/\/www.buergerforum-steinerneshaus.de\/wordpress\/wp-content\/uploads\/2016\/11\/IMG_1619-e1479903599161.jpg\"><img loading=\"lazy\" decoding=\"async\" aria-describedby=\"caption-attachment-1399\" class=\"size-full wp-image-1399\" src=\"http:\/\/www.buergerforum-steinerneshaus.de\/wordpress\/wp-content\/uploads\/2016\/11\/IMG_1619-e1479903599161.jpg\" alt=\"Von links: Hans Joachim Beckmann, Elke Kaltenschnee, Laura Melzer, Christian Sudek, Kerstim Schmieder, Isidro Perez (Foto: J\u00fcrgen Rollmann)\" width=\"725\" height=\"544\" \/><\/a><p id=\"caption-attachment-1399\" class=\"wp-caption-text\">Von links: Hans Joachim Beckmann, Elke Kaltenschnee, Laura Melzer, Christian Sudek, Kerstin Schmieder, Isidro Perez (Foto: J\u00fcrgen Rollmann)<\/p><\/div>\n<p><strong>B\u00fcrgerforum Steinernes Haus \u2013 F\u00f6rderkreis Altstadt B\u00fcdingen e.V. \u00fcbergibt f\u00fcnf hochwertige Bilder-Collagen an die Hessische Erstaufnahmeeinrichtung<br \/>\n&#8211; Pressemitteilung der HEAE &#8211;<br \/>\n<\/strong><\/p>\n<p>Gro\u00dfe Freude bei Kerstin Schmieder\u00a0 von der Hessischen Erstaufnahmeeinrichtung (HEAE) in B\u00fcdingen und den Malteser-Betriebsleitern Christian Sudek und Isidro Perez: \u00a0J\u00fcngst \u00fcberreichten Mitglieder vom B\u00fcrgerforum Steinernes Haus \u2013 F\u00f6rderkreis Altstadt B\u00fcdingen e.V. f\u00fcnf Bilder-Collagen mit B\u00fcdinger Motiven an die HEAE.<\/p>\n<p>Aufgeh\u00e4ngt wurden die Collagen im Warteraum des neuen Medizinbereichs der HEAE. Hans-Joachim Beckmann, Elke Kaltenschnee und Laura Melzer vom F\u00f6rderverein legten selbst Hand an und montierten die Collagen, die Fotos der B\u00fcdinger Fotografen Dieter Turner und R\u00fcdiger Hartmann zeigen.<\/p>\n<p>Hans-Joachim Beckmann: \u201e Wir besch\u00e4ftigen uns auch mit dem Thema Stadtentwicklung. Dazu geh\u00f6rt die HEAE. Also haben wir \u00fcberlegt, welchen Beitrag wir in diesem Zusammenhang\u00a0 leisten k\u00f6nnen. Die Bilder-Collagen sind handgemacht und hochwertig und tragen hoffentlich dazu bei, dass sich die Bewohner und auch viele ausw\u00e4rtige Mitarbeiter in B\u00fcdingen wohl f\u00fchlen. Und durch die Motive neugierig werden, unsere Stadt noch besser kennenzulernen.\u201c<\/p>\n<p>Frau Schmieder w\u00fcrdigte die gute Zusammenarbeit mit der Region und zeigte sich sehr erfreut, dass der F\u00f6rderkreis Altstadt B\u00fcdingen e.V. den Bewohnern das Leben in\u00a0 der Erstaufnahmeeinrichtung in B\u00fcdingen etwas bunter gestalten m\u00f6chte. Sie sprach im Namen des Au\u00dfenstellenleiters, Herrn Michael Sauerwein, sowie f\u00fcr alle Mitarbeiterinnen und Mitarbeiter der HEAE-Au\u00dfenstelle ihre Anerkennung aus.<\/p>\n<div id=\"attachment_1400\" style=\"width: 735px\" class=\"wp-caption aligncenter\"><a href=\"http:\/\/www.buergerforum-steinerneshaus.de\/wordpress\/wp-content\/uploads\/2016\/11\/Rollmann-Foto-IMG_1616-e1479903945123.jpg\"><img loading=\"lazy\" decoding=\"async\" aria-describedby=\"caption-attachment-1400\" class=\"size-full wp-image-1400\" src=\"http:\/\/www.buergerforum-steinerneshaus.de\/wordpress\/wp-content\/uploads\/2016\/11\/Rollmann-Foto-IMG_1616-e1479903945123.jpg\" alt=\"Hans Joachim Beckman und Laura Melzer (Foto: J\u00fcrgen Rollmann)\" width=\"725\" height=\"544\" \/><\/a><p id=\"caption-attachment-1400\" class=\"wp-caption-text\">Hans Joachim Beckman und Laura Melzer (Foto: J\u00fcrgen Rollmann)<\/p><\/div>\n<p>Christian Sudek und \u00a0Isidro Perez: \u201eWir bedanken uns herzlich beim F\u00f6rderverein. Es ist sehr sch\u00f6n, dass wir B\u00fcdingen aus den unterschiedlichsten Blickwinkeln zeigen k\u00f6nnen. Die Collagen bedeuten eine sp\u00fcrbare Aufwertung des medizinischen Bereichs.\u201c<\/p>\n<p>B\u00fcdingen, November 2016<\/p>\n<p>+++<\/p>\n<p>Zu unserer Bilder-Aktion f\u00fcr die Hessische Erstaufnahmeeinrichtung in B\u00fcdingen hat der Betreiber der B\u00fcdinger Einrichtung in Absprache mit dem Regierungspr\u00e4sidium Gie\u00dfen eine Pressemitteilung verfasst, die wir mit Genehmigung der HEAE ver\u00f6ffentlichen d\u00fcrfen. Die Fotos, die wir w\u00e4hrend unseres Besuchs von uns bei der Arbeit gemacht haben, d\u00fcrfen wir auf Wunsch des Betreibers nicht verwenden, aber J\u00fcrgen Rollmann, Diplom-Journalist Univ, hat im Auftrag des Malteser Hilfsdiensts zwei Fotos gemacht, die wir hier zeigen.<\/p>\n<p>&nbsp;<\/p>\n","protected":false},"excerpt":{"rendered":"<p>B\u00fcrgerforum Steinernes Haus \u2013 F\u00f6rderkreis Altstadt B\u00fcdingen e.V. \u00fcbergibt f\u00fcnf hochwertige Bilder-Collagen an die Hessische Erstaufnahmeeinrichtung &#8211; Pressemitteilung der HEAE &#8211; Gro\u00dfe Freude bei Kerstin Schmieder\u00a0 von der Hessischen Erstaufnahmeeinrichtung (HEAE) in B\u00fcdingen und den Malteser-Betriebsleitern Christian Sudek und Isidro Perez: \u00a0J\u00fcngst \u00fcberreichten Mitglieder vom B\u00fcrgerforum Steinernes Haus \u2013 F\u00f6rderkreis Altstadt B\u00fcdingen e.V. f\u00fcnf Bilder-Collagen [&hellip;]<\/p>\n","protected":false},"author":1,"featured_media":0,"comment_status":"closed","ping_status":"closed","sticky":false,"template":"","format":"standard","meta":{"footnotes":""},"categories":[1],"tags":[],"class_list":["post-1398","post","type-post","status-publish","format-standard","hentry","category-allgemein"],"_links":{"self":[{"href":"https:\/\/www.buergerforum-steinerneshaus.de\/wordpress\/index.php?rest_route=\/wp\/v2\/posts\/1398"}],"collection":[{"href":"https:\/\/www.buergerforum-steinerneshaus.de\/wordpress\/index.php?rest_route=\/wp\/v2\/posts"}],"about":[{"href":"https:\/\/www.buergerforum-steinerneshaus.de\/wordpress\/index.php?rest_route=\/wp\/v2\/types\/post"}],"author":[{"embeddable":true,"href":"https:\/\/www.buergerforum-steinerneshaus.de\/wordpress\/index.php?rest_route=\/wp\/v2\/users\/1"}],"replies":[{"embeddable":true,"href":"https:\/\/www.buergerforum-steinerneshaus.de\/wordpress\/index.php?rest_route=%2Fwp%2Fv2%2Fcomments&post=1398"}],"version-history":[{"count":7,"href":"https:\/\/www.buergerforum-steinerneshaus.de\/wordpress\/index.php?rest_route=\/wp\/v2\/posts\/1398\/revisions"}],"predecessor-version":[{"id":1407,"href":"https:\/\/www.buergerforum-steinerneshaus.de\/wordpress\/index.php?rest_route=\/wp\/v2\/posts\/1398\/revisions\/1407"}],"wp:attachment":[{"href":"https:\/\/www.buergerforum-steinerneshaus.de\/wordpress\/index.php?rest_route=%2Fwp%2Fv2%2Fmedia&parent=1398"}],"wp:term":[{"taxonomy":"category","embeddable":true,"href":"https:\/\/www.buergerforum-steinerneshaus.de\/wordpress\/index.php?rest_route=%2Fwp%2Fv2%2Fcategories&post=1398"},{"taxonomy":"post_tag","embeddable":true,"href":"https:\/\/www.buergerforum-steinerneshaus.de\/wordpress\/index.php?rest_route=%2Fwp%2Fv2%2Ftags&post=1398"}],"curies":[{"name":"wp","href":"https:\/\/api.w.org\/{rel}","templated":true}]}}