{"id":1357,"date":"2016-08-23T16:27:55","date_gmt":"2016-08-23T14:27:55","guid":{"rendered":"http:\/\/www.buergerforum-steinerneshaus.de\/wordpress\/?p=1357"},"modified":"2016-10-26T11:42:09","modified_gmt":"2016-10-26T09:42:09","slug":"fluechtlingshilfe","status":"publish","type":"post","link":"https:\/\/www.buergerforum-steinerneshaus.de\/wordpress\/?p=1357","title":{"rendered":"Fl\u00fcchtlingshilfe"},"content":{"rendered":"<p><a href=\"http:\/\/www.buergerforum-steinerneshaus.de\/wordpress\/wp-content\/uploads\/2014\/01\/WP-B\u00fcfo-Garten-K\u00f6lsch1.jpg\"><img loading=\"lazy\" decoding=\"async\" class=\"aligncenter size-full wp-image-1168\" src=\"http:\/\/www.buergerforum-steinerneshaus.de\/wordpress\/wp-content\/uploads\/2014\/01\/WP-B\u00fcfo-Garten-K\u00f6lsch1.jpg\" alt=\"WP B\u00fcfo Garten K\u00f6lsch\" width=\"725\" height=\"484\" srcset=\"https:\/\/www.buergerforum-steinerneshaus.de\/wordpress\/wp-content\/uploads\/2014\/01\/WP-B\u00fcfo-Garten-K\u00f6lsch1.jpg 725w, https:\/\/www.buergerforum-steinerneshaus.de\/wordpress\/wp-content\/uploads\/2014\/01\/WP-B\u00fcfo-Garten-K\u00f6lsch1-300x200.jpg 300w, https:\/\/www.buergerforum-steinerneshaus.de\/wordpress\/wp-content\/uploads\/2014\/01\/WP-B\u00fcfo-Garten-K\u00f6lsch1-624x417.jpg 624w\" sizes=\"(max-width: 725px) 100vw, 725px\" \/><\/a>Die Pflegegruppe Garten K\u00f6lsch wird seit einiger Zeit durch in B\u00fcdingen lebende Fl\u00fcchtlinge unterst\u00fctzt. \u201eWir freuen uns \u00fcber die Hilfe und vor allem \u00fcber den interkulturellen Austausch. Allen Beteiligten macht die gemeinsame Arbeit viel Spa\u00df\u201c, sagt Anette Sch\u00f6tt, Sprecherin der Gruppe.<\/p>\n<p>Alle zwei Wochen treffen sich die ehrenamtlichen G\u00e4rtner montags ab 17 Uhr. Neue Helfer sind sehr willkommen. Seit seiner Er\u00f6ffnung im Fr\u00fchjahr 2003 wird die Pflege des Garten K\u00f6lsch von B\u00fcdinger B\u00fcrgern \u00fcbernommen, anf\u00e4nglich begleitet von einer Fachfirma. Heute zupfen etwa 15 Personen Unkraut und k\u00fcmmern sich um die farbenfrohen Stauden. Das M\u00e4hen des Rasens und der R\u00fcckschnitt der Pflanzfl\u00e4chen wird von Mitarbeitern des Bauhofs der Stadt \u00fcbernommen. F\u00fcr diese Hilfe ist die Pflegegruppe um Anette Sch\u00f6tt sehr dankbar.<\/p>\n","protected":false},"excerpt":{"rendered":"<p>Die Pflegegruppe Garten K\u00f6lsch wird seit einiger Zeit durch in B\u00fcdingen lebende Fl\u00fcchtlinge unterst\u00fctzt. \u201eWir freuen uns \u00fcber die Hilfe und vor allem \u00fcber den interkulturellen Austausch. Allen Beteiligten macht die gemeinsame Arbeit viel Spa\u00df\u201c, sagt Anette Sch\u00f6tt, Sprecherin der Gruppe. Alle zwei Wochen treffen sich die ehrenamtlichen G\u00e4rtner montags ab 17 Uhr. Neue Helfer [&hellip;]<\/p>\n","protected":false},"author":1,"featured_media":0,"comment_status":"closed","ping_status":"closed","sticky":false,"template":"","format":"standard","meta":{"footnotes":""},"categories":[1],"tags":[],"class_list":["post-1357","post","type-post","status-publish","format-standard","hentry","category-allgemein"],"_links":{"self":[{"href":"https:\/\/www.buergerforum-steinerneshaus.de\/wordpress\/index.php?rest_route=\/wp\/v2\/posts\/1357"}],"collection":[{"href":"https:\/\/www.buergerforum-steinerneshaus.de\/wordpress\/index.php?rest_route=\/wp\/v2\/posts"}],"about":[{"href":"https:\/\/www.buergerforum-steinerneshaus.de\/wordpress\/index.php?rest_route=\/wp\/v2\/types\/post"}],"author":[{"embeddable":true,"href":"https:\/\/www.buergerforum-steinerneshaus.de\/wordpress\/index.php?rest_route=\/wp\/v2\/users\/1"}],"replies":[{"embeddable":true,"href":"https:\/\/www.buergerforum-steinerneshaus.de\/wordpress\/index.php?rest_route=%2Fwp%2Fv2%2Fcomments&post=1357"}],"version-history":[{"count":3,"href":"https:\/\/www.buergerforum-steinerneshaus.de\/wordpress\/index.php?rest_route=\/wp\/v2\/posts\/1357\/revisions"}],"predecessor-version":[{"id":1383,"href":"https:\/\/www.buergerforum-steinerneshaus.de\/wordpress\/index.php?rest_route=\/wp\/v2\/posts\/1357\/revisions\/1383"}],"wp:attachment":[{"href":"https:\/\/www.buergerforum-steinerneshaus.de\/wordpress\/index.php?rest_route=%2Fwp%2Fv2%2Fmedia&parent=1357"}],"wp:term":[{"taxonomy":"category","embeddable":true,"href":"https:\/\/www.buergerforum-steinerneshaus.de\/wordpress\/index.php?rest_route=%2Fwp%2Fv2%2Fcategories&post=1357"},{"taxonomy":"post_tag","embeddable":true,"href":"https:\/\/www.buergerforum-steinerneshaus.de\/wordpress\/index.php?rest_route=%2Fwp%2Fv2%2Ftags&post=1357"}],"curies":[{"name":"wp","href":"https:\/\/api.w.org\/{rel}","templated":true}]}}