{"id":1351,"date":"2016-07-27T14:13:06","date_gmt":"2016-07-27T12:13:06","guid":{"rendered":"http:\/\/www.buergerforum-steinerneshaus.de\/wordpress\/?p=1351"},"modified":"2016-07-27T14:13:56","modified_gmt":"2016-07-27T12:13:56","slug":"endlich-fotos","status":"publish","type":"post","link":"https:\/\/www.buergerforum-steinerneshaus.de\/wordpress\/?p=1351","title":{"rendered":"Endlich Fotos!"},"content":{"rendered":"<p><a href=\"http:\/\/www.buergerforum-steinerneshaus.de\/wordpress\/wp-content\/uploads\/2016\/07\/P1090932-e1469621563347.jpg\"><img loading=\"lazy\" decoding=\"async\" class=\"aligncenter size-full wp-image-1352\" src=\"http:\/\/www.buergerforum-steinerneshaus.de\/wordpress\/wp-content\/uploads\/2016\/07\/P1090932-e1469621563347.jpg\" alt=\"P1090932\" width=\"725\" height=\"544\" \/><\/a>Lange her, unser &#8222;Sonne, Mond und Kunstgenuss&#8220;-Fest im Garten K\u00f6lsch. Doch weil es so sch\u00f6n war, die Atomsph\u00e4re so entspannt und alle G\u00e4ste sich wohlgef\u00fchlt haben, m\u00f6chten wir auf die Bildergalerie auf der Webseite des Gartens K\u00f6lsch hinweisen. Sie vermitteln einen guten Eindruck vom Fest.<\/p>\n<p>Bitte sehr: <a href=\"http:\/\/gartenkoelsch.de\/?page_id=325\">Hier geht&#8217;s zur Bildergalerie.<\/a><\/p>\n","protected":false},"excerpt":{"rendered":"<p>Lange her, unser &#8222;Sonne, Mond und Kunstgenuss&#8220;-Fest im Garten K\u00f6lsch. Doch weil es so sch\u00f6n war, die Atomsph\u00e4re so entspannt und alle G\u00e4ste sich wohlgef\u00fchlt haben, m\u00f6chten wir auf die Bildergalerie auf der Webseite des Gartens K\u00f6lsch hinweisen. Sie vermitteln einen guten Eindruck vom Fest. Bitte sehr: Hier geht&#8217;s zur Bildergalerie.<\/p>\n","protected":false},"author":1,"featured_media":0,"comment_status":"closed","ping_status":"closed","sticky":false,"template":"","format":"standard","meta":{"footnotes":""},"categories":[1],"tags":[],"class_list":["post-1351","post","type-post","status-publish","format-standard","hentry","category-allgemein"],"_links":{"self":[{"href":"https:\/\/www.buergerforum-steinerneshaus.de\/wordpress\/index.php?rest_route=\/wp\/v2\/posts\/1351"}],"collection":[{"href":"https:\/\/www.buergerforum-steinerneshaus.de\/wordpress\/index.php?rest_route=\/wp\/v2\/posts"}],"about":[{"href":"https:\/\/www.buergerforum-steinerneshaus.de\/wordpress\/index.php?rest_route=\/wp\/v2\/types\/post"}],"author":[{"embeddable":true,"href":"https:\/\/www.buergerforum-steinerneshaus.de\/wordpress\/index.php?rest_route=\/wp\/v2\/users\/1"}],"replies":[{"embeddable":true,"href":"https:\/\/www.buergerforum-steinerneshaus.de\/wordpress\/index.php?rest_route=%2Fwp%2Fv2%2Fcomments&post=1351"}],"version-history":[{"count":2,"href":"https:\/\/www.buergerforum-steinerneshaus.de\/wordpress\/index.php?rest_route=\/wp\/v2\/posts\/1351\/revisions"}],"predecessor-version":[{"id":1354,"href":"https:\/\/www.buergerforum-steinerneshaus.de\/wordpress\/index.php?rest_route=\/wp\/v2\/posts\/1351\/revisions\/1354"}],"wp:attachment":[{"href":"https:\/\/www.buergerforum-steinerneshaus.de\/wordpress\/index.php?rest_route=%2Fwp%2Fv2%2Fmedia&parent=1351"}],"wp:term":[{"taxonomy":"category","embeddable":true,"href":"https:\/\/www.buergerforum-steinerneshaus.de\/wordpress\/index.php?rest_route=%2Fwp%2Fv2%2Fcategories&post=1351"},{"taxonomy":"post_tag","embeddable":true,"href":"https:\/\/www.buergerforum-steinerneshaus.de\/wordpress\/index.php?rest_route=%2Fwp%2Fv2%2Ftags&post=1351"}],"curies":[{"name":"wp","href":"https:\/\/api.w.org\/{rel}","templated":true}]}}