{"id":1336,"date":"2016-05-09T09:14:09","date_gmt":"2016-05-09T07:14:09","guid":{"rendered":"http:\/\/www.buergerforum-steinerneshaus.de\/wordpress\/?p=1336"},"modified":"2016-05-19T20:05:32","modified_gmt":"2016-05-19T18:05:32","slug":"sonne-mond-und-kunstgenuss","status":"publish","type":"post","link":"https:\/\/www.buergerforum-steinerneshaus.de\/wordpress\/?p=1336","title":{"rendered":"Sonne, Mond und Kunstgenuss"},"content":{"rendered":"<p><a href=\"http:\/\/www.buergerforum-steinerneshaus.de\/wordpress\/wp-content\/uploads\/2015\/07\/P1890539-e1437756668379.jpg\"><img loading=\"lazy\" decoding=\"async\" class=\"aligncenter size-full wp-image-1178\" src=\"http:\/\/www.buergerforum-steinerneshaus.de\/wordpress\/wp-content\/uploads\/2015\/07\/P1890539-e1437756668379.jpg\" alt=\"P1890539\" width=\"725\" height=\"483\" \/><\/a>Gitarrenkl\u00e4nge und H\u00e4ppchen, Theater und Kunst. Das B\u00fcrgerforum Steinernes Haus nimmt das B\u00fcdinger Weinfest auf dem Damm zum Anlass, im wenige Schritte entfernten Staudengarten zu Gaumen- und Sinnesfreuden einzuladen &#8211; und zwar am 4. Juni. In der Gartenidylle zwischen den Stadtmauern bietet das B\u00fcrgerforum von mittags bis Mitternacht Genuss f\u00fcr alle Sinne. Was liegt n\u00e4her, als einen entspannten Juni-Samstag zwischen farbenpr\u00e4chtigen Beeten zu verbringen? Wenn der Abend die Stadt umarmt, steht ein H\u00f6hepunkt bevor: Dann werden Fackeln und Kerzen angez\u00fcndet, die die ehrw\u00fcrdige Kastanie, die Altstadtmauern und Festungst\u00fcrme in magisches Licht tauchen.<\/p>\n<p>Das Programm: <a href=\"http:\/\/www.buergerforum-steinerneshaus.de\/wordpress\/wp-content\/uploads\/2016\/05\/Sonne-Mond-und-Kunstgenuss-Garten-K\u00f6lsch.pdf\">Sonne, Mond und Kunstgenuss. Ein Juni-Samstag im Garten K\u00f6lsch<\/a><\/p>\n","protected":false},"excerpt":{"rendered":"<p>Gitarrenkl\u00e4nge und H\u00e4ppchen, Theater und Kunst. Das B\u00fcrgerforum Steinernes Haus nimmt das B\u00fcdinger Weinfest auf dem Damm zum Anlass, im wenige Schritte entfernten Staudengarten zu Gaumen- und Sinnesfreuden einzuladen &#8211; und zwar am 4. Juni. In der Gartenidylle zwischen den Stadtmauern bietet das B\u00fcrgerforum von mittags bis Mitternacht Genuss f\u00fcr alle Sinne. Was liegt n\u00e4her, [&hellip;]<\/p>\n","protected":false},"author":1,"featured_media":0,"comment_status":"closed","ping_status":"closed","sticky":false,"template":"","format":"standard","meta":{"footnotes":""},"categories":[1],"tags":[],"class_list":["post-1336","post","type-post","status-publish","format-standard","hentry","category-allgemein"],"_links":{"self":[{"href":"https:\/\/www.buergerforum-steinerneshaus.de\/wordpress\/index.php?rest_route=\/wp\/v2\/posts\/1336"}],"collection":[{"href":"https:\/\/www.buergerforum-steinerneshaus.de\/wordpress\/index.php?rest_route=\/wp\/v2\/posts"}],"about":[{"href":"https:\/\/www.buergerforum-steinerneshaus.de\/wordpress\/index.php?rest_route=\/wp\/v2\/types\/post"}],"author":[{"embeddable":true,"href":"https:\/\/www.buergerforum-steinerneshaus.de\/wordpress\/index.php?rest_route=\/wp\/v2\/users\/1"}],"replies":[{"embeddable":true,"href":"https:\/\/www.buergerforum-steinerneshaus.de\/wordpress\/index.php?rest_route=%2Fwp%2Fv2%2Fcomments&post=1336"}],"version-history":[{"count":10,"href":"https:\/\/www.buergerforum-steinerneshaus.de\/wordpress\/index.php?rest_route=\/wp\/v2\/posts\/1336\/revisions"}],"predecessor-version":[{"id":1349,"href":"https:\/\/www.buergerforum-steinerneshaus.de\/wordpress\/index.php?rest_route=\/wp\/v2\/posts\/1336\/revisions\/1349"}],"wp:attachment":[{"href":"https:\/\/www.buergerforum-steinerneshaus.de\/wordpress\/index.php?rest_route=%2Fwp%2Fv2%2Fmedia&parent=1336"}],"wp:term":[{"taxonomy":"category","embeddable":true,"href":"https:\/\/www.buergerforum-steinerneshaus.de\/wordpress\/index.php?rest_route=%2Fwp%2Fv2%2Fcategories&post=1336"},{"taxonomy":"post_tag","embeddable":true,"href":"https:\/\/www.buergerforum-steinerneshaus.de\/wordpress\/index.php?rest_route=%2Fwp%2Fv2%2Ftags&post=1336"}],"curies":[{"name":"wp","href":"https:\/\/api.w.org\/{rel}","templated":true}]}}