{"id":1317,"date":"2016-02-18T13:51:39","date_gmt":"2016-02-18T11:51:39","guid":{"rendered":"http:\/\/www.buergerforum-steinerneshaus.de\/wordpress\/?p=1317"},"modified":"2016-02-18T14:24:06","modified_gmt":"2016-02-18T12:24:06","slug":"kalender-schlussverkauf","status":"publish","type":"post","link":"https:\/\/www.buergerforum-steinerneshaus.de\/wordpress\/?p=1317","title":{"rendered":"Kalender-Schlussverkauf"},"content":{"rendered":"<div id=\"attachment_1318\" style=\"width: 735px\" class=\"wp-caption aligncenter\"><a href=\"http:\/\/www.buergerforum-steinerneshaus.de\/wordpress\/wp-content\/uploads\/2016\/02\/1-P1260801.jpg\"><img loading=\"lazy\" decoding=\"async\" aria-describedby=\"caption-attachment-1318\" class=\"size-full wp-image-1318\" src=\"http:\/\/www.buergerforum-steinerneshaus.de\/wordpress\/wp-content\/uploads\/2016\/02\/1-P1260801.jpg\" alt=\"Januar-Tableau, B\u00fcdingen 2016-Kalender \" width=\"725\" height=\"483\" srcset=\"https:\/\/www.buergerforum-steinerneshaus.de\/wordpress\/wp-content\/uploads\/2016\/02\/1-P1260801.jpg 725w, https:\/\/www.buergerforum-steinerneshaus.de\/wordpress\/wp-content\/uploads\/2016\/02\/1-P1260801-300x200.jpg 300w, https:\/\/www.buergerforum-steinerneshaus.de\/wordpress\/wp-content\/uploads\/2016\/02\/1-P1260801-624x416.jpg 624w\" sizes=\"(max-width: 725px) 100vw, 725px\" \/><\/a><p id=\"caption-attachment-1318\" class=\"wp-caption-text\">Januar-Tableau, B\u00fcdingen 2016-Kalender<\/p><\/div>\n<p>Es sind noch ein paar B\u00fcdingen 2016-Kalender \u00fcbrig. Diese werden zu einem reduzierten Preis verkauft. Sie sind f\u00fcr 12 Euro (statt wie bisher 20 Euro) im Touristikb\u00fcro am Marktplatz und in der Galerie &#8222;Lo Studio. Schlossgasse zweiundzanzig&#8220; zu haben.<\/p>\n<p>Kaufwillige und Interessenten k\u00f6nnen den Kalender auch direkt bei unserem Vorsitzenden Dr. Hubertus Protz beziehen. Er ist unter der Telefonnummer 0 60 42\/39 36 erreichbar.<\/p>\n","protected":false},"excerpt":{"rendered":"<p>Es sind noch ein paar B\u00fcdingen 2016-Kalender \u00fcbrig. Diese werden zu einem reduzierten Preis verkauft. Sie sind f\u00fcr 12 Euro (statt wie bisher 20 Euro) im Touristikb\u00fcro am Marktplatz und in der Galerie &#8222;Lo Studio. Schlossgasse zweiundzanzig&#8220; zu haben. Kaufwillige und Interessenten k\u00f6nnen den Kalender auch direkt bei unserem Vorsitzenden Dr. Hubertus Protz beziehen. Er [&hellip;]<\/p>\n","protected":false},"author":1,"featured_media":0,"comment_status":"closed","ping_status":"closed","sticky":false,"template":"","format":"standard","meta":{"footnotes":""},"categories":[1],"tags":[],"class_list":["post-1317","post","type-post","status-publish","format-standard","hentry","category-allgemein"],"_links":{"self":[{"href":"https:\/\/www.buergerforum-steinerneshaus.de\/wordpress\/index.php?rest_route=\/wp\/v2\/posts\/1317"}],"collection":[{"href":"https:\/\/www.buergerforum-steinerneshaus.de\/wordpress\/index.php?rest_route=\/wp\/v2\/posts"}],"about":[{"href":"https:\/\/www.buergerforum-steinerneshaus.de\/wordpress\/index.php?rest_route=\/wp\/v2\/types\/post"}],"author":[{"embeddable":true,"href":"https:\/\/www.buergerforum-steinerneshaus.de\/wordpress\/index.php?rest_route=\/wp\/v2\/users\/1"}],"replies":[{"embeddable":true,"href":"https:\/\/www.buergerforum-steinerneshaus.de\/wordpress\/index.php?rest_route=%2Fwp%2Fv2%2Fcomments&post=1317"}],"version-history":[{"count":4,"href":"https:\/\/www.buergerforum-steinerneshaus.de\/wordpress\/index.php?rest_route=\/wp\/v2\/posts\/1317\/revisions"}],"predecessor-version":[{"id":1322,"href":"https:\/\/www.buergerforum-steinerneshaus.de\/wordpress\/index.php?rest_route=\/wp\/v2\/posts\/1317\/revisions\/1322"}],"wp:attachment":[{"href":"https:\/\/www.buergerforum-steinerneshaus.de\/wordpress\/index.php?rest_route=%2Fwp%2Fv2%2Fmedia&parent=1317"}],"wp:term":[{"taxonomy":"category","embeddable":true,"href":"https:\/\/www.buergerforum-steinerneshaus.de\/wordpress\/index.php?rest_route=%2Fwp%2Fv2%2Fcategories&post=1317"},{"taxonomy":"post_tag","embeddable":true,"href":"https:\/\/www.buergerforum-steinerneshaus.de\/wordpress\/index.php?rest_route=%2Fwp%2Fv2%2Ftags&post=1317"}],"curies":[{"name":"wp","href":"https:\/\/api.w.org\/{rel}","templated":true}]}}