{"id":1285,"date":"2015-12-10T17:33:34","date_gmt":"2015-12-10T15:33:34","guid":{"rendered":"http:\/\/www.buergerforum-steinerneshaus.de\/wordpress\/?p=1285"},"modified":"2015-12-15T21:58:16","modified_gmt":"2015-12-15T19:58:16","slug":"mehr-als-nur-ein-kalender-fuers-naechste-jahr","status":"publish","type":"post","link":"https:\/\/www.buergerforum-steinerneshaus.de\/wordpress\/?p=1285","title":{"rendered":"Mehr als nur ein Kalender f\u00fcrs n\u00e4chste Jahr"},"content":{"rendered":"<div id=\"attachment_1289\" style=\"width: 635px\" class=\"wp-caption aligncenter\"><a href=\"http:\/\/www.buergerforum-steinerneshaus.de\/wordpress\/wp-content\/uploads\/2015\/12\/Foto-1-e1449760987429.jpg\"_blank=target\"><img loading=\"lazy\" decoding=\"async\" aria-describedby=\"caption-attachment-1289\" class=\"wp-image-1289 size-large\" src=\"http:\/\/www.buergerforum-steinerneshaus.de\/wordpress\/wp-content\/uploads\/2015\/12\/Foto-1-1024x768.jpg\" alt=\"Marion Kaltenschnee, Sabine Uhdris, Karl-Heinz Trebing und Dieter Turner mit seinem Enkel Karl\" width=\"625\" height=\"469\" \/><\/a><p id=\"caption-attachment-1289\" class=\"wp-caption-text\">Marion Kaltenschnee, Sabine Uhdris, Karl-Heinz Trebing und Dieter Turner mit seinem Enkel Karl (v.l.)<\/p><\/div>\n<p>\u201eDieter Turner hat in der Stadt eine Fangemeinde&#8220;, sagte Karl-Heinz Trebing, der 2. Vorsitzende des B\u00fcrgerforums Steinernes Haus &#8211; F\u00f6rderkreis Altstadt B\u00fcdingen e.V., bei der gut besuchten Er\u00f6ffnung unserer &#8222;B\u00fcdingen 2016&#8220;-Ausstellung im Lo Studio. Dieter Turner, Arzt und Fotograf,\u00a0 hatte uns im Sommer etwa 1000 Fotos zur Verf\u00fcgung gestellt; entstanden sind sie in den vergangenen vier Jahren. Digitale Daten mit einem Volumen von fast f\u00fcnf Gigabyte. Marion, Elke und Tine Kaltenschnee sichteten\u00a0 die Fotos und w\u00e4hlten in enger Absprache mit dem Vereinsvorstand\u00a0jene Bilder aus, die nun die Kalenderbl\u00e4tter zieren. Die Webdesignerin Marion Kaltenschnee gestaltete das Layout und betreute den Druck. Elke Kaltenschnee verfasste die Texte. Fotografin und Kamerafrau Tine Kaltenschnee beriet die beiden. Die Idee, die Kalenderbl\u00e4tter auszustellen, stammt \u00fcbrigens von der Galeristin. Sabine Uhdris trat vor einigen Wochen an das B\u00fcrgerforum heran und regte an, die 12 Tableaus in der Vorweihnachtszeit in der Schlossgasse 22 zu pr\u00e4sentieren. Die Einladung hat das B\u00fcrgerforum selbstredend gern angenommen. Karl-Heinz Trebing dankte der Galeristin f\u00fcr ihre \u201eausgezeichnete Idee\u201c und fuhr fort: \u201eHier sehen Sie nicht nur die Fotos in ganzer Sch\u00f6nheit, sondern auch, was aus den einzelnen Bl\u00e4ttern werden kann, wenn sie am 31. Dezember 2016 eigentlich ausgedient haben.\u201c<\/p>\n<p><a href=\"http:\/\/www.buergerforum-steinerneshaus.de\/wordpress\/wp-content\/uploads\/2015\/12\/PC022004-e1449761431134.jpg\"><img loading=\"lazy\" decoding=\"async\" class=\"aligncenter wp-image-1292 size-full\" src=\"http:\/\/www.buergerforum-steinerneshaus.de\/wordpress\/wp-content\/uploads\/2015\/12\/PC022004-e1449761431134.jpg\" alt=\"OLYMPUS DIGITAL CAMERA\" width=\"525\" height=\"700\" srcset=\"https:\/\/www.buergerforum-steinerneshaus.de\/wordpress\/wp-content\/uploads\/2015\/12\/PC022004-e1449761431134.jpg 525w, https:\/\/www.buergerforum-steinerneshaus.de\/wordpress\/wp-content\/uploads\/2015\/12\/PC022004-e1449761431134-225x300.jpg 225w\" sizes=\"(max-width: 525px) 100vw, 525px\" \/><\/a>\u201eB\u00fcdingen 2016\u201c enth\u00e4lt neben den bekannten Sehensw\u00fcrdigkeiten der Stadt \u2013 Steinernes Haus, Schloss, Schlosspark und B\u00fcdinger Kirchen \u2013 auch Motive wie den Herrnhaag, die Ronneburg oder den Erbacher Hof, vor dem eine Dampflok vorbeibraust.<br \/>\n\u201eMein Lieblingsbild ist das des Steinernen Hauses mit den herbstlich gef\u00e4rbten Bl\u00e4ttern des Ginkgo-Baums als Blickfang\u201c, sagte Karl-Heinz Trebing. Das Steinerne Haus sei im \u00dcbrigen f\u00fcr das B\u00fcrgerforum von besonderer Bedeutung: \u201eVor zehn Jahren sind wir \u2013 damals noch kein Verein, sondern eine Handvoll engagierter B\u00fcdinger B\u00fcrger \u2013 mit dem F\u00fcrstenhaus in Kontakt getreten, um \u00fcber das Bauwerk und dessen Zukunft zu sprechen.\u201c Der F\u00fcrst habe damals angeregt, einen Verein zu gr\u00fcnden \u2013 \u201eetwa wie die Freunde der Ronneburg e.V.\u201c Daraufhin sei im Januar 2006 das B\u00fcrgerforum entstanden, mit dem Ziel, das historische Geb\u00e4udeensemble zu erhalten und dessen Sanierung zu f\u00f6rdern.\u201c Trebing bedauerte, dass die Zukunft des Steinernen Hauses nach wie vor ungekl\u00e4rt sei. \u201eDas B\u00fcrgerforum hofft dennoch, dass es zu einer guten L\u00f6sung kommen wird\u201c, so Trebing. Derweil wende man sich anderen Projekten zu und habe beispielsweise die Schlossm\u00fchlenbr\u00fccke realisiert. Finanziert durch die Spenden der B\u00fcrger, aber auch durch den Verkauf des 2012er und des 2013er B\u00fcdingen-Kalenders.<\/p>\n<p><a href=\"http:\/\/www.buergerforum-steinerneshaus.de\/wordpress\/wp-content\/uploads\/2015\/12\/PC022212-e1449761113222.jpg\"><img loading=\"lazy\" decoding=\"async\" class=\"wp-image-1290 size-large\" src=\"http:\/\/www.buergerforum-steinerneshaus.de\/wordpress\/wp-content\/uploads\/2015\/12\/PC022212-1024x768.jpg\" alt=\"OLYMPUS DIGITAL CAMERA\" width=\"625\" height=\"469\" \/><\/a><\/p>\n<p>Den zw\u00f6lf gro\u00dfformatigen Fotos bekommt die Pr\u00e4sentation in grauen Passepartouts und geb\u00fcrsteten Metallrahmen. \u201eSo sehen sie sehr wertig aus\u201c, befand Sabine Uhdris. Der Ausstellungsbesucherin Marie Sch\u00e4fle gefiel dies sogar so gut, dass sie zwei der Turner-Fotos am liebsten gleich samt Rahmen gekauft h\u00e4tte: \u201eEinen Kalender habe ich schon und einen weiteren Verwandten in Tschechien geschickt. Die beiden gerahmten Bilder w\u00fcrde ich ebenfalls verschenken.\u201c<\/p>\n","protected":false},"excerpt":{"rendered":"<p>\u201eDieter Turner hat in der Stadt eine Fangemeinde&#8220;, sagte Karl-Heinz Trebing, der 2. Vorsitzende des B\u00fcrgerforums Steinernes Haus &#8211; F\u00f6rderkreis Altstadt B\u00fcdingen e.V., bei der gut besuchten Er\u00f6ffnung unserer &#8222;B\u00fcdingen 2016&#8220;-Ausstellung im Lo Studio. Dieter Turner, Arzt und Fotograf,\u00a0 hatte uns im Sommer etwa 1000 Fotos zur Verf\u00fcgung gestellt; entstanden sind sie in den vergangenen [&hellip;]<\/p>\n","protected":false},"author":1,"featured_media":0,"comment_status":"closed","ping_status":"closed","sticky":false,"template":"","format":"standard","meta":{"footnotes":""},"categories":[1],"tags":[],"class_list":["post-1285","post","type-post","status-publish","format-standard","hentry","category-allgemein"],"_links":{"self":[{"href":"https:\/\/www.buergerforum-steinerneshaus.de\/wordpress\/index.php?rest_route=\/wp\/v2\/posts\/1285"}],"collection":[{"href":"https:\/\/www.buergerforum-steinerneshaus.de\/wordpress\/index.php?rest_route=\/wp\/v2\/posts"}],"about":[{"href":"https:\/\/www.buergerforum-steinerneshaus.de\/wordpress\/index.php?rest_route=\/wp\/v2\/types\/post"}],"author":[{"embeddable":true,"href":"https:\/\/www.buergerforum-steinerneshaus.de\/wordpress\/index.php?rest_route=\/wp\/v2\/users\/1"}],"replies":[{"embeddable":true,"href":"https:\/\/www.buergerforum-steinerneshaus.de\/wordpress\/index.php?rest_route=%2Fwp%2Fv2%2Fcomments&post=1285"}],"version-history":[{"count":10,"href":"https:\/\/www.buergerforum-steinerneshaus.de\/wordpress\/index.php?rest_route=\/wp\/v2\/posts\/1285\/revisions"}],"predecessor-version":[{"id":1299,"href":"https:\/\/www.buergerforum-steinerneshaus.de\/wordpress\/index.php?rest_route=\/wp\/v2\/posts\/1285\/revisions\/1299"}],"wp:attachment":[{"href":"https:\/\/www.buergerforum-steinerneshaus.de\/wordpress\/index.php?rest_route=%2Fwp%2Fv2%2Fmedia&parent=1285"}],"wp:term":[{"taxonomy":"category","embeddable":true,"href":"https:\/\/www.buergerforum-steinerneshaus.de\/wordpress\/index.php?rest_route=%2Fwp%2Fv2%2Fcategories&post=1285"},{"taxonomy":"post_tag","embeddable":true,"href":"https:\/\/www.buergerforum-steinerneshaus.de\/wordpress\/index.php?rest_route=%2Fwp%2Fv2%2Ftags&post=1285"}],"curies":[{"name":"wp","href":"https:\/\/api.w.org\/{rel}","templated":true}]}}