{"id":1275,"date":"2015-12-04T13:05:41","date_gmt":"2015-12-04T11:05:41","guid":{"rendered":"http:\/\/www.buergerforum-steinerneshaus.de\/wordpress\/?p=1275"},"modified":"2015-12-04T20:52:27","modified_gmt":"2015-12-04T18:52:27","slug":"gute-nachrichten-fuer-die-pflegegruppe-des-gartens-koelsch","status":"publish","type":"post","link":"https:\/\/www.buergerforum-steinerneshaus.de\/wordpress\/?p=1275","title":{"rendered":"Gute Nachrichten f\u00fcr die Pflegegruppe des Gartens K\u00f6lsch"},"content":{"rendered":"<div id=\"attachment_1276\" style=\"width: 735px\" class=\"wp-caption aligncenter\"><a href=\"http:\/\/www.buergerforum-steinerneshaus.de\/wordpress\/wp-content\/uploads\/2015\/12\/OBR-Garten-K\u00f6lsch_11_15-e1449227082624.jpg\"><img loading=\"lazy\" decoding=\"async\" aria-describedby=\"caption-attachment-1276\" class=\"size-full wp-image-1276\" src=\"http:\/\/www.buergerforum-steinerneshaus.de\/wordpress\/wp-content\/uploads\/2015\/12\/OBR-Garten-K\u00f6lsch_11_15-e1449227082624.jpg\" alt=\"Bei der \u00dcbergabe des F\u00f6rderbescheids trafen sich im K\u00f6lschen Garten v.l. Annette Sch\u00f6tt, Albert Langsdorf, Angeh\u00f6rige der Pflegegruppe, des Ortsbeirats und Mitarbeiter des st\u00e4dtischen Bauhofs\" width=\"725\" height=\"483\" \/><\/a><p id=\"caption-attachment-1276\" class=\"wp-caption-text\">Bei der \u00dcbergabe des F\u00f6rderbescheids trafen sich im K\u00f6lschen Garten (v.l.) Anette Sch\u00f6tt, Albert Langsdorf, Angeh\u00f6rige der Pflegegruppe, des Ortsbeirats und Mitarbeiter des st\u00e4dtischen Bauhofs<\/p><\/div>\n<p>Die Pflegegruppe Garten K\u00f6lsch wird vom Hessischen Umweltministerium gef\u00f6rdert. Albert Langsdorf, Naturschutz-Akademie Hessen, \u00fcberreichte Vertretern der Pflegegruppe vor wenigen Tagen den entsprechenden F\u00f6rderbescheid.<\/p>\n<p>Vor Ort erl\u00e4uterte die B\u00fcdinger Gartenarchitektin Anette Sch\u00f6tt das Pflegekonzept des Gartens K\u00f6lsch: \u201eUnsere Pflegegruppe trifft sich regelm\u00e4\u00dfig und h\u00e4lt den Garten in Ordnung. Bei der Bepflanzung haben heimische Geh\u00f6lze und Stauden Vorrang.\u201c Sch\u00f6tt fuhr fort: \u201eDie F\u00f6rderung des Landes Hessen erm\u00f6glicht uns den Kauf von Pflanzen und Blumenzwiebeln.\u201c Neben der Pflege selbst sei freilich auch das Wissen um Pflege und m\u00f6gliche Standorte Pflanzen von Bedeutung. Aus diesem Grund sind Fortbildungsveranstaltungen geplant, die sich sowohl an die Mitglieder der Pflegegruppe als auch an die st\u00e4dtischen G\u00e4rtner wenden.<\/p>\n<p>Ortsvorsteher Dieter Jentzsch und seine Stellvertreterin Sabine Kraft-Marhenke besprachen gemeinsam mit Anette Sch\u00f6tt und Albert Langsdorf die F\u00f6rderm\u00f6glichkeiten durch das Land Hessen. \u201eWir sind froh \u00fcber den Einsatz der Pflegegruppe. Durch den uneigenn\u00fctzigen Einsatz wird mitten in der B\u00fcdinger Altstadt ein Schmuckst\u00fcck erhalten und fortentwickelt\u201c, freute sich der Ortsvorsteher. \u201eDie Mitarbeiter des st\u00e4dtischen Bauhofes helfen der Pflegegruppe jederzeit, daf\u00fcr sind wir sehr dankbar\u201c, erg\u00e4nzte Anette Sch\u00f6tt.<\/p>\n<p>\u201eWir vom B\u00fcdinger Ortsbeirat werden mit der Pflegegruppe und Herrn Langsdorf in engem Kontakt bleiben. Herr Langsdorf hat uns einige M\u00f6glichkeiten genannt, wie der Einsatz heimischer Geh\u00f6lze und Pflanzen auch an anderen Stellen in B\u00fcdingen gef\u00f6rdert werden kann\u201c, res\u00fcmierte Dieter Jentzsch.<\/p>\n","protected":false},"excerpt":{"rendered":"<p>Die Pflegegruppe Garten K\u00f6lsch wird vom Hessischen Umweltministerium gef\u00f6rdert. Albert Langsdorf, Naturschutz-Akademie Hessen, \u00fcberreichte Vertretern der Pflegegruppe vor wenigen Tagen den entsprechenden F\u00f6rderbescheid. Vor Ort erl\u00e4uterte die B\u00fcdinger Gartenarchitektin Anette Sch\u00f6tt das Pflegekonzept des Gartens K\u00f6lsch: \u201eUnsere Pflegegruppe trifft sich regelm\u00e4\u00dfig und h\u00e4lt den Garten in Ordnung. Bei der Bepflanzung haben heimische Geh\u00f6lze und Stauden [&hellip;]<\/p>\n","protected":false},"author":1,"featured_media":0,"comment_status":"closed","ping_status":"closed","sticky":false,"template":"","format":"standard","meta":{"footnotes":""},"categories":[1],"tags":[],"class_list":["post-1275","post","type-post","status-publish","format-standard","hentry","category-allgemein"],"_links":{"self":[{"href":"https:\/\/www.buergerforum-steinerneshaus.de\/wordpress\/index.php?rest_route=\/wp\/v2\/posts\/1275"}],"collection":[{"href":"https:\/\/www.buergerforum-steinerneshaus.de\/wordpress\/index.php?rest_route=\/wp\/v2\/posts"}],"about":[{"href":"https:\/\/www.buergerforum-steinerneshaus.de\/wordpress\/index.php?rest_route=\/wp\/v2\/types\/post"}],"author":[{"embeddable":true,"href":"https:\/\/www.buergerforum-steinerneshaus.de\/wordpress\/index.php?rest_route=\/wp\/v2\/users\/1"}],"replies":[{"embeddable":true,"href":"https:\/\/www.buergerforum-steinerneshaus.de\/wordpress\/index.php?rest_route=%2Fwp%2Fv2%2Fcomments&post=1275"}],"version-history":[{"count":7,"href":"https:\/\/www.buergerforum-steinerneshaus.de\/wordpress\/index.php?rest_route=\/wp\/v2\/posts\/1275\/revisions"}],"predecessor-version":[{"id":1283,"href":"https:\/\/www.buergerforum-steinerneshaus.de\/wordpress\/index.php?rest_route=\/wp\/v2\/posts\/1275\/revisions\/1283"}],"wp:attachment":[{"href":"https:\/\/www.buergerforum-steinerneshaus.de\/wordpress\/index.php?rest_route=%2Fwp%2Fv2%2Fmedia&parent=1275"}],"wp:term":[{"taxonomy":"category","embeddable":true,"href":"https:\/\/www.buergerforum-steinerneshaus.de\/wordpress\/index.php?rest_route=%2Fwp%2Fv2%2Fcategories&post=1275"},{"taxonomy":"post_tag","embeddable":true,"href":"https:\/\/www.buergerforum-steinerneshaus.de\/wordpress\/index.php?rest_route=%2Fwp%2Fv2%2Ftags&post=1275"}],"curies":[{"name":"wp","href":"https:\/\/api.w.org\/{rel}","templated":true}]}}